{"id":17803,"date":"2022-02-10T18:36:24","date_gmt":"2022-02-11T00:36:24","guid":{"rendered":"https:\/\/foro1025.mx\/?p=17803"},"modified":"2022-02-14T18:37:27","modified_gmt":"2022-02-15T00:37:27","slug":"el-gobierno-municipal-y-la-universidad-tecmilenio-firman-convenio-alianza-estrategica-con-el-municipio-de-cuautitlan-izcalli","status":"publish","type":"post","link":"https:\/\/foro1025.mx\/?p=17803","title":{"rendered":"El Gobierno Municipal y la Universidad TecMilenio, firman convenio: \u201cAlianza Estrat\u00e9gica con el Municipio de Cuautitl\u00e1n Izcalli\u201d"},"content":{"rendered":"<p class=\"p1\">Con el fin de impulsar el desarrollo econ\u00f3mico y acad\u00e9mico de los j\u00f3venes izcallenses y de la Zona Metropolitana, as\u00ed como de los Servidores P\u00fablicos, a trav\u00e9s de la capacitaci\u00f3n y el otorgamiento de becas, autoridades del Gobierno Municipal y de la Universidad TecMilenio, llevaron a cabo la firma del convenio de \u201cAlianza Estrat\u00e9gica con el Municipio de Cuautitl\u00e1n Izcalli\u201d, la cual brindar\u00e1 m\u00faltiples beneficios a la comunidad estudiantil.<\/p>\n<p class=\"p1\">La alcaldesa de Cuautitl\u00e1n Izcalli se\u00f1al\u00f3 que el trabajo con las instituciones educativas como el TecMilenio permitir\u00e1 que los estudiantes izcallenses se preparen para que el d\u00eda de ma\u00f1ana sean ellos quienes construyan la iniciativa privada y el servicio p\u00fablico. Asegur\u00f3 que esta alianza permitir\u00e1 apoyar los proyectos que los j\u00f3venes lleven a cabo por la sustentabilidad del municipio y por la lucha contra la violencia.<\/p>\n<p class=\"p1\">Destac\u00f3 la vinculaci\u00f3n realizada por el titular del Instituto Municipal de la Juventud (IMJUCI), con la intenci\u00f3n de establecer programas que mejoren su desarrollo personal y acad\u00e9mico. Por lo que ser\u00e1 a trav\u00e9s de ellos que se impulsar\u00e1 el programa de \u201cIncubadora de Empresas\u201d.<\/p>\n<p class=\"p1\">La firma del convenio tiene como objetivo la soluci\u00f3n a necesidades de formaci\u00f3n acad\u00e9mica, plan de becas, beneficios acad\u00e9micos, educaci\u00f3n continua, servicio social, incubadora de empresas en donde se busca la capacitaci\u00f3n y adiestramiento de los j\u00f3venes de Cuautitl\u00e1n Izcalli que ayuden en el desarrollo de sus conocimientos, habilidades y destrezas en temas de emprendimiento y aceleraci\u00f3n empresarial.<\/p>\n<p class=\"p1\">Asimismo, el convenio busca que los servidores p\u00fablicos de la administraci\u00f3n, as\u00ed como familiares directos, puedan continuar con sus estudios en los niveles de bachillerato, licenciatura y maestr\u00eda, mediante becas y beneficios acad\u00e9micos.<\/p>\n<p class=\"p1\">Por su parte el Director de la Universidad TecMilenio Campus Cuautitl\u00e1n, Jonathan Daniel Mel\u00e9ndez Mart\u00ednez, coment\u00f3 que para la instituci\u00f3n lo m\u00e1s importante es formar personas positivas, con una proyecci\u00f3n hacia el futuro y una calidad de vida personal y profesional buena. Agradeci\u00f3 la preocupaci\u00f3n y ocupaci\u00f3n de las autoridades municipales, por el desarrollo de los j\u00f3venes quienes son los futuros emprendedores.<\/p>\n","protected":false},"excerpt":{"rendered":"<div class=\"mh-excerpt\"><p>Con el fin de impulsar el desarrollo econ\u00f3mico y acad\u00e9mico de los j\u00f3venes izcallenses y <a class=\"mh-excerpt-more\" href=\"https:\/\/foro1025.mx\/?p=17803\" title=\"El Gobierno Municipal y la Universidad TecMilenio, firman convenio: \u201cAlianza Estrat\u00e9gica con el Municipio de Cuautitl\u00e1n Izcalli\u201d\">&#8230;<\/a><\/p>\n<\/div>","protected":false},"author":1,"featured_media":0,"comment_status":"closed","ping_status":"closed","sticky":false,"template":"","format":"standard","meta":{"footnotes":""},"categories":[29],"tags":[],"class_list":{"0":"post-17803","1":"post","2":"type-post","3":"status-publish","4":"format-standard","6":"category-cuautitlan-izcalli"},"_links":{"self":[{"href":"https:\/\/foro1025.mx\/index.php?rest_route=\/wp\/v2\/posts\/17803","targetHints":{"allow":["GET"]}}],"collection":[{"href":"https:\/\/foro1025.mx\/index.php?rest_route=\/wp\/v2\/posts"}],"about":[{"href":"https:\/\/foro1025.mx\/index.php?rest_route=\/wp\/v2\/types\/post"}],"author":[{"embeddable":true,"href":"https:\/\/foro1025.mx\/index.php?rest_route=\/wp\/v2\/users\/1"}],"replies":[{"embeddable":true,"href":"https:\/\/foro1025.mx\/index.php?rest_route=%2Fwp%2Fv2%2Fcomments&post=17803"}],"version-history":[{"count":1,"href":"https:\/\/foro1025.mx\/index.php?rest_route=\/wp\/v2\/posts\/17803\/revisions"}],"predecessor-version":[{"id":17805,"href":"https:\/\/foro1025.mx\/index.php?rest_route=\/wp\/v2\/posts\/17803\/revisions\/17805"}],"wp:attachment":[{"href":"https:\/\/foro1025.mx\/index.php?rest_route=%2Fwp%2Fv2%2Fmedia&parent=17803"}],"wp:term":[{"taxonomy":"category","embeddable":true,"href":"https:\/\/foro1025.mx\/index.php?rest_route=%2Fwp%2Fv2%2Fcategories&post=17803"},{"taxonomy":"post_tag","embeddable":true,"href":"https:\/\/foro1025.mx\/index.php?rest_route=%2Fwp%2Fv2%2Ftags&post=17803"}],"curies":[{"name":"wp","href":"https:\/\/api.w.org\/{rel}","templated":true}]}}