{"id":17810,"date":"2022-02-11T19:13:36","date_gmt":"2022-02-12T01:13:36","guid":{"rendered":"https:\/\/foro1025.mx\/?p=17810"},"modified":"2022-02-14T19:14:55","modified_gmt":"2022-02-15T01:14:55","slug":"izcalli-continua-con-jornada-de-vacunacion-contra-la-influenza","status":"publish","type":"post","link":"https:\/\/foro1025.mx\/?p=17810","title":{"rendered":"Izcalli contin\u00faa con Jornada de Vacunaci\u00f3n Contra la Influenza"},"content":{"rendered":"<p class=\"p1\">18 de febrero en el DIF \u201cLolita Ayala\u201d: continuaci\u00f3n de la jornada de vacunaci\u00f3n<\/p>\n<p class=\"p1\">El Gobierno Municipal de Cuautitl\u00e1n Izcalli contin\u00faa con la Jornada de Vacunaci\u00f3n contra la Influenza Estacional en el CDC Jorge Jim\u00e9nez Cant\u00fa, en la colonia del mismo nombre, con el prop\u00f3sito de cuidar y reforzar el sistema inmunol\u00f3gico de las y los izcallenses.<\/p>\n<p class=\"p1\">La jornada que comenz\u00f3 a las 10:00 horas tambi\u00e9n ofreci\u00f3 el servicio de aplicaci\u00f3n de vacunas contra la hepatitis, ex\u00e1menes bucales, tomas de presi\u00f3n arterial y glucosa, as\u00ed como tambi\u00e9n la entrega de medicamento de desparasitaci\u00f3n a los habitantes del municipio.<\/p>\n<p class=\"p1\">Dicho CDC estuvo abandonado por un largo tiempo, sin embargo, ahora se est\u00e1n brindando servicios como: atenci\u00f3n psicol\u00f3gica, asesor\u00eda jur\u00eddica, medicina general, prueba de papanicolaou y vacunas del cuadro b\u00e1sico para ni\u00f1os de hasta 14 a\u00f1os. Las autoridades municipales se\u00f1alan que pr\u00f3ximamente habr\u00e1 servicios de ginecolog\u00eda, farmacia y laboratorio.<\/p>\n<p class=\"p1\">El Gobierno Municipal invita a la poblaci\u00f3n a que acudan el pr\u00f3ximo viernes 18 de febrero al DIF \u201cLolita Ayala\u201d, ubicado en cerrada Primero de Mayo, colonia Las Auroritas de 10:00 a 15:00 horas, donde se continuar\u00e1 con dicha jornada, agregando la prueba de ant\u00edgeno prost\u00e1tico.<\/p>\n","protected":false},"excerpt":{"rendered":"<div class=\"mh-excerpt\"><p>18 de febrero en el DIF \u201cLolita Ayala\u201d: continuaci\u00f3n de la jornada de vacunaci\u00f3n El <a class=\"mh-excerpt-more\" href=\"https:\/\/foro1025.mx\/?p=17810\" title=\"Izcalli contin\u00faa con Jornada de Vacunaci\u00f3n Contra la Influenza\">&#8230;<\/a><\/p>\n<\/div>","protected":false},"author":1,"featured_media":0,"comment_status":"closed","ping_status":"closed","sticky":false,"template":"","format":"standard","meta":{"footnotes":""},"categories":[29,25],"tags":[],"class_list":{"0":"post-17810","1":"post","2":"type-post","3":"status-publish","4":"format-standard","6":"category-cuautitlan-izcalli","7":"category-salud-y-ciencia"},"_links":{"self":[{"href":"https:\/\/foro1025.mx\/index.php?rest_route=\/wp\/v2\/posts\/17810","targetHints":{"allow":["GET"]}}],"collection":[{"href":"https:\/\/foro1025.mx\/index.php?rest_route=\/wp\/v2\/posts"}],"about":[{"href":"https:\/\/foro1025.mx\/index.php?rest_route=\/wp\/v2\/types\/post"}],"author":[{"embeddable":true,"href":"https:\/\/foro1025.mx\/index.php?rest_route=\/wp\/v2\/users\/1"}],"replies":[{"embeddable":true,"href":"https:\/\/foro1025.mx\/index.php?rest_route=%2Fwp%2Fv2%2Fcomments&post=17810"}],"version-history":[{"count":1,"href":"https:\/\/foro1025.mx\/index.php?rest_route=\/wp\/v2\/posts\/17810\/revisions"}],"predecessor-version":[{"id":17812,"href":"https:\/\/foro1025.mx\/index.php?rest_route=\/wp\/v2\/posts\/17810\/revisions\/17812"}],"wp:attachment":[{"href":"https:\/\/foro1025.mx\/index.php?rest_route=%2Fwp%2Fv2%2Fmedia&parent=17810"}],"wp:term":[{"taxonomy":"category","embeddable":true,"href":"https:\/\/foro1025.mx\/index.php?rest_route=%2Fwp%2Fv2%2Fcategories&post=17810"},{"taxonomy":"post_tag","embeddable":true,"href":"https:\/\/foro1025.mx\/index.php?rest_route=%2Fwp%2Fv2%2Ftags&post=17810"}],"curies":[{"name":"wp","href":"https:\/\/api.w.org\/{rel}","templated":true}]}}