{"id":17839,"date":"2022-02-11T19:36:05","date_gmt":"2022-02-12T01:36:05","guid":{"rendered":"https:\/\/foro1025.mx\/?p=17839"},"modified":"2022-02-14T19:39:04","modified_gmt":"2022-02-15T01:39:04","slug":"supervisan-casa-regional-del-constituyente-en-texcoco","status":"publish","type":"post","link":"https:\/\/foro1025.mx\/?p=17839","title":{"rendered":"Supervisan casa regional del constituyente en Texcoco"},"content":{"rendered":"<p class=\"p1\">\n<ul class=\"ul1\">\n<li class=\"li3\"><i>Ofrece museograf\u00eda de esta casona barroca, una perspectiva integral de la vida hist\u00f3rica del Estado de M\u00e9xico.<\/i><\/li>\n<li class=\"li3\"><i>Invita este espacio a las familias a conocer y adentrarse en la historia del mexiquense.<\/i><\/li>\n<\/ul>\n<p class=\"p3\"><b>Texcoco, Estado M\u00e9xico.- <\/b>La Casa Regional del Constituyente, en Texcoco, conserva y difunde la memoria hist\u00f3rica y cultural del Estado de M\u00e9xico, y es un espacio de esparcimiento y formaci\u00f3n art\u00edstica para las familias mexiquenses.<\/p>\n<p class=\"p3\">La museograf\u00eda de las cuatro salas de esta Casa Regional, ofrece una perspectiva integral de la vida hist\u00f3rica del Edom\u00e9x, y es un sitio funcional con \u00e1reas abiertas para desarrollar actividades art\u00edsticas y culturales, que invitan a los visitantes a conocer mejor la historia de quienes sentaron las bases del Estado de M\u00e9xico.<\/p>\n<p class=\"p3\">El Gobernador mexiquense, en compa\u00f1\u00eda de la Presidenta municipal de Texcoco y de la Secretaria de Cultura y Turismo estatal, supervisaron el recinto, que cuenta con teatro al aire libre, talleres, biblioteca, salas de exposiciones y auditorio.<\/p>\n<p class=\"p3\">En 1827, en el periodo durante el cual Texcoco fue la<span class=\"Apple-converted-space\">\u00a0 <\/span>capital de la entidad, la casona barroca fue sede del primer Poder Legislativo del Estado de M\u00e9xico y donde se firmar\u00eda la primera Constituci\u00f3n, ese mismo a\u00f1o.<\/p>\n<p class=\"p3\">Por la importancia de este suceso, el 2 de marzo de 1974, el Gobierno estatal adquiri\u00f3 la Casa para conmemorar el 150 aniversario de la primera Legislatura local, y hoy es un sitio donde las familias viven la tradici\u00f3n, la cultura y la historia del Estado de M\u00e9xico.<\/p>\n","protected":false},"excerpt":{"rendered":"<div class=\"mh-excerpt\"><p>Ofrece museograf\u00eda de esta casona barroca, una perspectiva integral de la vida hist\u00f3rica del Estado <a class=\"mh-excerpt-more\" href=\"https:\/\/foro1025.mx\/?p=17839\" title=\"Supervisan casa regional del constituyente en Texcoco\">&#8230;<\/a><\/p>\n<\/div>","protected":false},"author":1,"featured_media":0,"comment_status":"closed","ping_status":"closed","sticky":false,"template":"","format":"standard","meta":{"footnotes":""},"categories":[13],"tags":[],"class_list":{"0":"post-17839","1":"post","2":"type-post","3":"status-publish","4":"format-standard","6":"category-estado-de-mexico"},"_links":{"self":[{"href":"https:\/\/foro1025.mx\/index.php?rest_route=\/wp\/v2\/posts\/17839","targetHints":{"allow":["GET"]}}],"collection":[{"href":"https:\/\/foro1025.mx\/index.php?rest_route=\/wp\/v2\/posts"}],"about":[{"href":"https:\/\/foro1025.mx\/index.php?rest_route=\/wp\/v2\/types\/post"}],"author":[{"embeddable":true,"href":"https:\/\/foro1025.mx\/index.php?rest_route=\/wp\/v2\/users\/1"}],"replies":[{"embeddable":true,"href":"https:\/\/foro1025.mx\/index.php?rest_route=%2Fwp%2Fv2%2Fcomments&post=17839"}],"version-history":[{"count":1,"href":"https:\/\/foro1025.mx\/index.php?rest_route=\/wp\/v2\/posts\/17839\/revisions"}],"predecessor-version":[{"id":17841,"href":"https:\/\/foro1025.mx\/index.php?rest_route=\/wp\/v2\/posts\/17839\/revisions\/17841"}],"wp:attachment":[{"href":"https:\/\/foro1025.mx\/index.php?rest_route=%2Fwp%2Fv2%2Fmedia&parent=17839"}],"wp:term":[{"taxonomy":"category","embeddable":true,"href":"https:\/\/foro1025.mx\/index.php?rest_route=%2Fwp%2Fv2%2Fcategories&post=17839"},{"taxonomy":"post_tag","embeddable":true,"href":"https:\/\/foro1025.mx\/index.php?rest_route=%2Fwp%2Fv2%2Ftags&post=17839"}],"curies":[{"name":"wp","href":"https:\/\/api.w.org\/{rel}","templated":true}]}}