{"id":17886,"date":"2022-02-15T10:46:01","date_gmt":"2022-02-15T16:46:01","guid":{"rendered":"https:\/\/foro1025.mx\/?p=17886"},"modified":"2022-02-16T10:47:35","modified_gmt":"2022-02-16T16:47:35","slug":"inicia-vacunacion-de-refuerzo-para-atizapenses-de-30-a-39-anos","status":"publish","type":"post","link":"https:\/\/foro1025.mx\/?p=17886","title":{"rendered":"Inicia vacunaci\u00f3n de refuerzo para atizapenses de 30 a 39 a\u00f1os"},"content":{"rendered":"<p class=\"p1\">Esta ma\u00f1ana inici\u00f3 la vacunaci\u00f3n de refuerzo contra COVID-19 a la poblaci\u00f3n de 30 a 39 a\u00f1os, cuarto grupo poblacional que recibe la dosis en Atizap\u00e1n de Zaragoza.<\/p>\n<p class=\"p1\">Con ello, poblaci\u00f3n de 60 a\u00f1os y m\u00e1s, de 50 a 59, de 40 a 49 y de 30 a 39, ya cuenta con la tercera dosis de la inyecci\u00f3n contra el virus SARS-CoV-2.<\/p>\n<p class=\"p1\">Tanto Florencia Falc\u00f3n Torres, como Gabriela Ubaldo, vecinas de la colonia Bonfil, coincidieron que acudir a vacunarse es parte de la responsabilidad de protegerse y proteger a los dem\u00e1s de la enfermedad.<\/p>\n<p class=\"p1\">\u00abDebemos cuidarnos m\u00e1s para evitar que haya m\u00e1s infectados. Aprovech\u00e9 para traer a mi mam\u00e1 para cuidarla m\u00e1s, ya que ella estaba en tratamiento y no pudo hacerlo cuando le tocaba a su grupo de edad. En casa nadie se ha infectado gracias a Dios; la clave ha sido cuidarnos y atender las medidas que nos piden las autoridades y venir a vacunarnos\u00bb,<span class=\"Apple-converted-space\">\u00a0 <\/span>dijo Gabriela Ubaldo, hija de Florencia Falc\u00f3n.<\/p>\n<p class=\"p1\">Para este mi\u00e9rcoles 16 de febrero, se atender\u00e1 a las personas cuyo apellido comience con las letras J, K, L, M, N, \u00d1, O, P, Q y para el d\u00eda jueves 17 de febrero, a R, S, T, U, V, W, X, Y y Z en un horario de 09:00 a 17:00 horas.<\/p>\n<p class=\"p1\">Para recibir la vacuna es necesario presentar la credencial del INE (Original) y un comprobante de domicilio vigente, llevar el expediente de vacunaci\u00f3n impreso del portal de Mi Vacuna https:\/\/mivacuna.salud.gob.mx\/index.php<span class=\"Apple-converted-space\">\u00a0 <\/span>con c\u00f3digo QR.<\/p>\n<p class=\"p1\">Si perdiste tu expediente de vacunaci\u00f3n, lo puedes volver a imprimir ingresando tu CURP en el mismo sitio https:\/\/mivacuna.salud.gob.mx\/index.php<\/p>\n","protected":false},"excerpt":{"rendered":"<div class=\"mh-excerpt\"><p>Esta ma\u00f1ana inici\u00f3 la vacunaci\u00f3n de refuerzo contra COVID-19 a la poblaci\u00f3n de 30 a <a class=\"mh-excerpt-more\" href=\"https:\/\/foro1025.mx\/?p=17886\" title=\"Inicia vacunaci\u00f3n de refuerzo para atizapenses de 30 a 39 a\u00f1os\">&#8230;<\/a><\/p>\n<\/div>","protected":false},"author":1,"featured_media":0,"comment_status":"closed","ping_status":"closed","sticky":false,"template":"","format":"standard","meta":{"footnotes":""},"categories":[1,25],"tags":[],"class_list":{"0":"post-17886","1":"post","2":"type-post","3":"status-publish","4":"format-standard","6":"category-atizapan","7":"category-salud-y-ciencia"},"_links":{"self":[{"href":"https:\/\/foro1025.mx\/index.php?rest_route=\/wp\/v2\/posts\/17886","targetHints":{"allow":["GET"]}}],"collection":[{"href":"https:\/\/foro1025.mx\/index.php?rest_route=\/wp\/v2\/posts"}],"about":[{"href":"https:\/\/foro1025.mx\/index.php?rest_route=\/wp\/v2\/types\/post"}],"author":[{"embeddable":true,"href":"https:\/\/foro1025.mx\/index.php?rest_route=\/wp\/v2\/users\/1"}],"replies":[{"embeddable":true,"href":"https:\/\/foro1025.mx\/index.php?rest_route=%2Fwp%2Fv2%2Fcomments&post=17886"}],"version-history":[{"count":1,"href":"https:\/\/foro1025.mx\/index.php?rest_route=\/wp\/v2\/posts\/17886\/revisions"}],"predecessor-version":[{"id":17888,"href":"https:\/\/foro1025.mx\/index.php?rest_route=\/wp\/v2\/posts\/17886\/revisions\/17888"}],"wp:attachment":[{"href":"https:\/\/foro1025.mx\/index.php?rest_route=%2Fwp%2Fv2%2Fmedia&parent=17886"}],"wp:term":[{"taxonomy":"category","embeddable":true,"href":"https:\/\/foro1025.mx\/index.php?rest_route=%2Fwp%2Fv2%2Fcategories&post=17886"},{"taxonomy":"post_tag","embeddable":true,"href":"https:\/\/foro1025.mx\/index.php?rest_route=%2Fwp%2Fv2%2Ftags&post=17886"}],"curies":[{"name":"wp","href":"https:\/\/api.w.org\/{rel}","templated":true}]}}