{"id":17892,"date":"2022-02-16T10:51:41","date_gmt":"2022-02-16T16:51:41","guid":{"rendered":"https:\/\/foro1025.mx\/?p=17892"},"modified":"2022-02-16T10:51:41","modified_gmt":"2022-02-16T16:51:41","slug":"gobierno-municipal-firma-convenio-con-teleton","status":"publish","type":"post","link":"https:\/\/foro1025.mx\/?p=17892","title":{"rendered":"Gobierno municipal firma convenio con TELET\u00d3N"},"content":{"rendered":"<p class=\"p1\"><em>&#8211; Usuarios izcallenses ser\u00e1n canalizados a Telet\u00f3n para una atenci\u00f3n especializada<\/em><\/p>\n<p class=\"p1\"><em>&#8211; Capacitaci\u00f3n a personal del municipio en temas de discapacidad<\/em><\/p>\n<p class=\"p1\">Con la finalidad de trabajar de manera conjunta para dotar a la ciudadan\u00eda izcallense de servicios de calidad, se llev\u00f3 a cabo la Firma de Convenio General de Colaboraci\u00f3n entre Telet\u00f3n M\u00e9xico AC y el Sistema Municipal para el Desarrollo Integral de la Familia (DIF) de Cuautitl\u00e1n Izcalli.<\/p>\n<p class=\"p1\">Dicho convenio busca canalizar con el Telet\u00f3n a las personas que lo requieran, generar una cultura de inclusi\u00f3n y apoyar en la mejora de los espacios p\u00fablicos para que personas con alguna discapacidad puedan asistir.<\/p>\n<p class=\"p1\">El Centro de Rehabilitaci\u00f3n e Integraci\u00f3n Social (CRIS), cuenta con diversas terapias como son rehabilitaci\u00f3n de lenguaje, audiolog\u00eda, foniatr\u00eda y otoneurolog\u00eda, terapias psicol\u00f3gicas y pedag\u00f3gicas. Adem\u00e1s, cuenta con m\u00e1s de 14 servicios de atenci\u00f3n m\u00e9dica, as\u00ed como los m\u00f3dulos de prevenci\u00f3n de discapacidad (PREVIDIF), expedici\u00f3n de credenciales para personas con discapacidad permanente, certificado o dictamen de discapacidad permanente, atenci\u00f3n a personas ciegas o d\u00e9biles visuales y ense\u00f1anza de braille y lenguaje de se\u00f1as b\u00e1sico.<\/p>\n<p class=\"p1\">Representantes del DIF Izcalli destacaron que en el CRIS se ofrecen anualmente m\u00e1s de 19 mil terapias f\u00edsicas y 2 mil 200 consultas en los diferentes servicios ofrecidos, este convenio permitir\u00e1 apoyar a usuarios que m\u00e1s lo necesiten en Izcalli y brindarles una atenci\u00f3n integral y de calidad.<\/p>\n<p class=\"p1\">Asimismo, Jorge Alc\u00e1ntara Aguileta, Director General del Sistema Integral Telet\u00f3n, se\u00f1al\u00f3 que esta firma de convenio har\u00e1 una relaci\u00f3n m\u00e1s fuerte para todos los habitantes de Cuautitl\u00e1n Izcalli \u201cponemos a su disposici\u00f3n la capacitaci\u00f3n para temas de discapacidad para colaboradores del municipio\u201d, dijo.<\/p>\n<p class=\"p1\">Finalmente, el Gobierno Municipal destac\u00f3 que el convenio con Telet\u00f3n M\u00e9xico permitir\u00e1 promover una cultura de inclusi\u00f3n, impulsar la calidad de vida de los usuarios izcallenses que reciben rehabilitaci\u00f3n y lograr una integraci\u00f3n social plena, as\u00ed como generar espacios para la movilidad de las personas con discapacidad.<\/p>\n<p class=\"p1\">Al evento asistieron Jardiel Quintal Delgado, Director General del CRIT (Centro de Rehabilitaci\u00f3n e Inclusi\u00f3n Telet\u00f3n) del Estado de M\u00e9xico, s\u00edndicos y regidores, directores de la Administraci\u00f3n Municipal, diputados, y ni\u00f1as y ni\u00f1os del CRIS y Telet\u00f3n.<\/p>\n","protected":false},"excerpt":{"rendered":"<div class=\"mh-excerpt\"><p>&#8211; Usuarios izcallenses ser\u00e1n canalizados a Telet\u00f3n para una atenci\u00f3n especializada &#8211; Capacitaci\u00f3n a personal <a class=\"mh-excerpt-more\" href=\"https:\/\/foro1025.mx\/?p=17892\" title=\"Gobierno municipal firma convenio con TELET\u00d3N\">&#8230;<\/a><\/p>\n<\/div>","protected":false},"author":1,"featured_media":0,"comment_status":"closed","ping_status":"closed","sticky":false,"template":"","format":"standard","meta":{"footnotes":""},"categories":[29],"tags":[],"class_list":{"0":"post-17892","1":"post","2":"type-post","3":"status-publish","4":"format-standard","6":"category-cuautitlan-izcalli"},"_links":{"self":[{"href":"https:\/\/foro1025.mx\/index.php?rest_route=\/wp\/v2\/posts\/17892","targetHints":{"allow":["GET"]}}],"collection":[{"href":"https:\/\/foro1025.mx\/index.php?rest_route=\/wp\/v2\/posts"}],"about":[{"href":"https:\/\/foro1025.mx\/index.php?rest_route=\/wp\/v2\/types\/post"}],"author":[{"embeddable":true,"href":"https:\/\/foro1025.mx\/index.php?rest_route=\/wp\/v2\/users\/1"}],"replies":[{"embeddable":true,"href":"https:\/\/foro1025.mx\/index.php?rest_route=%2Fwp%2Fv2%2Fcomments&post=17892"}],"version-history":[{"count":1,"href":"https:\/\/foro1025.mx\/index.php?rest_route=\/wp\/v2\/posts\/17892\/revisions"}],"predecessor-version":[{"id":17894,"href":"https:\/\/foro1025.mx\/index.php?rest_route=\/wp\/v2\/posts\/17892\/revisions\/17894"}],"wp:attachment":[{"href":"https:\/\/foro1025.mx\/index.php?rest_route=%2Fwp%2Fv2%2Fmedia&parent=17892"}],"wp:term":[{"taxonomy":"category","embeddable":true,"href":"https:\/\/foro1025.mx\/index.php?rest_route=%2Fwp%2Fv2%2Fcategories&post=17892"},{"taxonomy":"post_tag","embeddable":true,"href":"https:\/\/foro1025.mx\/index.php?rest_route=%2Fwp%2Fv2%2Ftags&post=17892"}],"curies":[{"name":"wp","href":"https:\/\/api.w.org\/{rel}","templated":true}]}}