{"id":17916,"date":"2022-02-24T10:28:47","date_gmt":"2022-02-24T16:28:47","guid":{"rendered":"https:\/\/foro1025.mx\/?p=17916"},"modified":"2022-02-25T10:52:03","modified_gmt":"2022-02-25T16:52:03","slug":"firman-gobiernos-del-edomex-y-michoacan-convenio-de-colaboracion-en-materia-de-seguridad","status":"publish","type":"post","link":"https:\/\/foro1025.mx\/?p=17916","title":{"rendered":"Firman gobiernos del Edom\u00e9x y Michoac\u00e1n convenio de colaboraci\u00f3n en materia de seguridad"},"content":{"rendered":"<ul>\n<li><i>Acuerdan Gobernadores de ambas entidades trabajar en coordinaci\u00f3n para prevenir y combatir la incidencia delictiva en la zona lim\u00edtrofe que comparten.<\/i><\/li>\n<li><\/li>\n<li><i>Impulsa convenio el fortalecimiento de operativos conjuntos, la preservaci\u00f3n medioambiental, en especial de la Reserva de la Mariposa Monarca, el intercambio de informaci\u00f3n, patrullajes de reconocimiento y coordinaci\u00f3n de los desplazamientos de las polic\u00edas estatales.<\/i><\/li>\n<li><\/li>\n<li><i>Refleja acuerdo el inter\u00e9s por trabajar en coordinaci\u00f3n para dar m\u00e1s condiciones de seguridad en esta regi\u00f3n, ya que la delincuencia no reconoce los l\u00edmites territoriales.<\/i><\/li>\n<li><\/li>\n<\/ul>\n<p class=\"p3\"><b>El Oro, Estado de M\u00e9xico.- <\/b>Los Gobiernos de los estados de M\u00e9xico y Michoac\u00e1n firmaron un Convenio de Colaboraci\u00f3n en Materia de Seguridad que tiene como prop\u00f3sito establecer mecanismos de coordinaci\u00f3n, a fin de prevenir, investigar, combatir y disminuir la incidencia delictiva en el \u00e1rea lim\u00edtrofe entre estas entidades.<\/p>\n<p class=\"p3\">Entre otras medidas, el acuerdo plantea la creaci\u00f3n de una agenda de seguridad conjunta, la ejecuci\u00f3n de acciones como intercambio de informaci\u00f3n y de frecuencias, destacamentos de seguridad ambiental, patrullajes de reconocimiento, as\u00ed como la coordinaci\u00f3n de los desplazamientos de las polic\u00edas estatales en la frontera.<\/p>\n<p class=\"p3\">Por su naturaleza, este mecanismo fortalecer\u00e1 el trabajo en los municipios que est\u00e1n ubicados en los l\u00edmites de estas entidades, la calidad de operativos y la atenci\u00f3n a las demandas de seguridad de la poblaci\u00f3n.<\/p>\n<p class=\"p3\">Adem\u00e1s, en materia ambiental, coadyuvar\u00e1 en la preservaci\u00f3n de la Reserva de la Mariposa Monarca, que comparten ambos estados.<\/p>\n<p class=\"p3\">En la firma de este acuerdo, que tuvo lugar en el Teatro Ju\u00e1rez, en El Oro, el Gobernador mexiquense mencion\u00f3 que el convenio refleja el inter\u00e9s por trabajar en coordinaci\u00f3n para dar m\u00e1s condiciones de seguridad en esta regi\u00f3n, ya que la delincuencia no reconoce l\u00edmites territoriales y es fundamental trabajar en equipo para hacerle frente.<\/p>\n<p class=\"p3\">Refiri\u00f3 que este mecanismo de colaboraci\u00f3n tambi\u00e9n lo lleva a cabo el Estado de M\u00e9xico con el Gobierno de la Ciudad de M\u00e9xico, dando buenos resultados en la zona metropolitana que comparten estas entidades, y asegur\u00f3 que m\u00e1s all\u00e1 de las posturas partidistas, lo m\u00e1s importante es privilegiar el di\u00e1logo y la coordinaci\u00f3n en la tarea de otorgar m\u00e1s seguridad a la ciudadan\u00eda.<\/p>\n<p class=\"p3\">Asimismo, se\u00f1al\u00f3 que a trav\u00e9s de casi mil 400 operativos, se fortalece la seguridad en los municipios mexiquenses que colindan con Michoac\u00e1n: Donato Guerra, El Oro, Ixtapan del Oro, Luvianos, Otzoloapan, San Jos\u00e9 del Rinc\u00f3n, Santo Tom\u00e1s, Temascalcingo y Villa de Allende; y que estos operativos son reforzados con m\u00e1s de 200 dispositivos y arcos en las carreteras Toluca \u2013 Cd Altamirano, Toluca \u2013 Valle de Bravo, Atlacomulco \u2013 El Oro y<span class=\"Apple-converted-space\">\u00a0 <\/span>Atlacomulco \u2013 Acambay.<\/p>\n<p class=\"p3\">El mandatario mexiquense reconoci\u00f3 el apoyo que en tareas de seguridad brindan el Ej\u00e9rcito Mexicano, la Marina, la Guardia Nacional, la Polic\u00eda del Estado de M\u00e9xico y de Michoac\u00e1n, las Fiscal\u00edas de ambas entidades y el Centro de Inteligencia de los dos estados, as\u00ed como el trabajo de las Mesas de Coordinaci\u00f3n para la Paz, del Gobierno federal.<\/p>\n<p class=\"p3\">El Gobernador de Michoac\u00e1n dijo que este convenio era necesario y afirm\u00f3 que plantea acciones espec\u00edficas, como mantener los operativos interinstitucionales de seguridad en los santuarios de la Mariposa Monarca, para dar garant\u00edas de tr\u00e1nsito a todos los visitantes; instrumentar operativos conjuntos que blinden las colindancias entre los estados, inhibir la incidencia delictiva, aplicar protocolos de atenci\u00f3n entre ambas entidades, establecer enlaces entre los C5 del Edom\u00e9x y Michoac\u00e1n para coordinar la actuaci\u00f3n ante delitos y mejorar el trabajo en inteligencia.<\/p>\n<p class=\"p3\">Adem\u00e1s, el acuerdo permitir\u00e1 integrar un cat\u00e1logo de acciones delictivas y compartir capacitaci\u00f3n a primeros respondientes que integran los informes policiales homologados en actos relacionados con la delincuencia organizada, y operativos conjuntos que garanticen la integridad de quienes transitan por esta zona lim\u00edtrofe.<\/p>\n<p class=\"p3\">Tambi\u00e9n reconoci\u00f3 la disposici\u00f3n del Gobierno del Estado de M\u00e9xico para concretar este acuerdo, y asegur\u00f3 que esta acci\u00f3n servir\u00e1 a Michoac\u00e1n para impulsar otros convenios con otras entidades vecinas.<\/p>\n<p class=\"p3\">Estuvieron presentes en la firma de este convenio, los secretarios General de Gobierno y de Seguridad del Estado de M\u00e9xico, los secretarios de Gobierno y de Seguridad P\u00fablica de Michoac\u00e1n, el Comandante del Cuartel General del Alto Mando de la Secretar\u00eda de Marina del Gobierno de M\u00e9xico, el Jefe de Estado Mayor y Representante del Coordinador Estatal de la Guardia Nacional en el Estado de M\u00e9xico, el encargado de la Fiscal\u00eda General de Justicia del Edom\u00e9x, el Coordinador Estatal de la Guardia Nacional en Michoac\u00e1n, el Director General de Seguridad en Carreteras en la Coordinaci\u00f3n Estatal de la Guardia Nacional, el Fiscal General del Gobierno de Michoac\u00e1n, entre otros servidores p\u00fablicos municipales, estatales y federales.<\/p>\n","protected":false},"excerpt":{"rendered":"<div class=\"mh-excerpt\"><p>Acuerdan Gobernadores de ambas entidades trabajar en coordinaci\u00f3n para prevenir y combatir la incidencia delictiva <a class=\"mh-excerpt-more\" href=\"https:\/\/foro1025.mx\/?p=17916\" title=\"Firman gobiernos del Edom\u00e9x y Michoac\u00e1n convenio de colaboraci\u00f3n en materia de seguridad\">&#8230;<\/a><\/p>\n<\/div>","protected":false},"author":1,"featured_media":0,"comment_status":"closed","ping_status":"closed","sticky":false,"template":"","format":"standard","meta":{"footnotes":""},"categories":[13,18,39,9],"tags":[],"class_list":{"0":"post-17916","1":"post","2":"type-post","3":"status-publish","4":"format-standard","6":"category-estado-de-mexico","7":"category-nacional","8":"category-principales","9":"category-seguridad"},"_links":{"self":[{"href":"https:\/\/foro1025.mx\/index.php?rest_route=\/wp\/v2\/posts\/17916","targetHints":{"allow":["GET"]}}],"collection":[{"href":"https:\/\/foro1025.mx\/index.php?rest_route=\/wp\/v2\/posts"}],"about":[{"href":"https:\/\/foro1025.mx\/index.php?rest_route=\/wp\/v2\/types\/post"}],"author":[{"embeddable":true,"href":"https:\/\/foro1025.mx\/index.php?rest_route=\/wp\/v2\/users\/1"}],"replies":[{"embeddable":true,"href":"https:\/\/foro1025.mx\/index.php?rest_route=%2Fwp%2Fv2%2Fcomments&post=17916"}],"version-history":[{"count":1,"href":"https:\/\/foro1025.mx\/index.php?rest_route=\/wp\/v2\/posts\/17916\/revisions"}],"predecessor-version":[{"id":17918,"href":"https:\/\/foro1025.mx\/index.php?rest_route=\/wp\/v2\/posts\/17916\/revisions\/17918"}],"wp:attachment":[{"href":"https:\/\/foro1025.mx\/index.php?rest_route=%2Fwp%2Fv2%2Fmedia&parent=17916"}],"wp:term":[{"taxonomy":"category","embeddable":true,"href":"https:\/\/foro1025.mx\/index.php?rest_route=%2Fwp%2Fv2%2Fcategories&post=17916"},{"taxonomy":"post_tag","embeddable":true,"href":"https:\/\/foro1025.mx\/index.php?rest_route=%2Fwp%2Fv2%2Ftags&post=17916"}],"curies":[{"name":"wp","href":"https:\/\/api.w.org\/{rel}","templated":true}]}}