{"id":17925,"date":"2022-02-17T06:30:04","date_gmt":"2022-02-17T12:30:04","guid":{"rendered":"https:\/\/foro1025.mx\/?p=17925"},"modified":"2022-02-28T06:32:27","modified_gmt":"2022-02-28T12:32:27","slug":"permiten-los-centros-de-atencion-multiple-que-la-ninez-y-juventud-mexiquense-con-discapacidad-tengan-mayores-niveles-de-desarrollo","status":"publish","type":"post","link":"https:\/\/foro1025.mx\/?p=17925","title":{"rendered":"Permiten los Centros de Atenci\u00f3n M\u00faltiple que la ni\u00f1ez y juventud mexiquense con discapacidad tengan mayores niveles de desarrollo"},"content":{"rendered":"<p class=\"p3\"><i>\u2022 Atienden a estudiantes que tienen discapacidades auditivas, visuales, intelectuales y motrices. <\/i><\/p>\n<p class=\"p3\"><i>\u2022 Aplican en Edom\u00e9x 26.5 millones de vacunas contra COVID-19.<\/i><\/p>\n<p class=\"p3\"><b>Zumpango, Estado de M\u00e9xico.- <\/b>Los Centros de Atenci\u00f3n M\u00faltiple (CAM) son espacios para que ni\u00f1as, ni\u00f1os y adolescentes mexiquenses con alguna discapacidad desarrollen sus habilidades, exploten sus talentos y adquieran las herramientas para desenvolverse en la vida cotidiana.<\/p>\n<p class=\"p3\">El CAM \u201cDr. Jos\u00e9 de Jes\u00fas Gonz\u00e1lez\u201d, ubicado Zumpango, es uno de ellos; durante los \u00faltimo 30 a\u00f1os, este Centro ha brindado servicios de educaci\u00f3n primaria y secundaria, as\u00ed como formaci\u00f3n laboral y para el desarrollo de habilidades para la vida.<\/p>\n<p class=\"p3\">Durante un recorrido de supervisi\u00f3n, el Gobernador del Estado de M\u00e9xico se\u00f1al\u00f3 que remodelar este tipo de espacios permite que los alumnos desarrollen nuevas habilidades motrices, intelectuales y de aprendizaje, y mejora su interacci\u00f3n con otros estudiantes.<\/p>\n<p class=\"p3\">Adem\u00e1s, inform\u00f3 que, con las modificaciones m\u00e1s recientes en su equipamiento e infraestructura, y con las becas otorgadas a sus estudiantes, este plantel educativo y su comunidad estudiantil y acad\u00e9mica ya est\u00e1n listos para el regreso a actividades presenciales la pr\u00f3xima semana.<\/p>\n<p class=\"p3\">Agreg\u00f3 que este regreso ser\u00e1 posible gracias al avance en la vacunaci\u00f3n contra COVID-19, pues el personal educativo ya tiene con su dosis de refuerzo, y que, a la fecha, en el Estado de M\u00e9xico se han aplicado 26.5 millones de vacunas.<\/p>\n<p class=\"p3\">En los CAM, los alumnos tienen acceso a educaci\u00f3n inicial, primaria y secundaria; adem\u00e1s, se forma a los estudiantes de mayor edad para incorporarse al mercado laboral, mediante el desarrollo de competencias a trav\u00e9s de talleres de oficios como costura, confecci\u00f3n y bordado, preparaci\u00f3n de alimentos y bebidas, fabricaci\u00f3n de muebles de madera y manufactura de productos met\u00e1licos, panader\u00eda y reposter\u00eda, jardiner\u00eda, cultivo de frutos y plantas comestibles, y servicio de apoyo a labores de oficina.<\/p>\n","protected":false},"excerpt":{"rendered":"<div class=\"mh-excerpt\"><p>\u2022 Atienden a estudiantes que tienen discapacidades auditivas, visuales, intelectuales y motrices. \u2022 Aplican en <a class=\"mh-excerpt-more\" href=\"https:\/\/foro1025.mx\/?p=17925\" title=\"Permiten los Centros de Atenci\u00f3n M\u00faltiple que la ni\u00f1ez y juventud mexiquense con discapacidad tengan mayores niveles de desarrollo\">&#8230;<\/a><\/p>\n<\/div>","protected":false},"author":1,"featured_media":0,"comment_status":"closed","ping_status":"closed","sticky":false,"template":"","format":"standard","meta":{"footnotes":""},"categories":[13],"tags":[],"class_list":{"0":"post-17925","1":"post","2":"type-post","3":"status-publish","4":"format-standard","6":"category-estado-de-mexico"},"_links":{"self":[{"href":"https:\/\/foro1025.mx\/index.php?rest_route=\/wp\/v2\/posts\/17925","targetHints":{"allow":["GET"]}}],"collection":[{"href":"https:\/\/foro1025.mx\/index.php?rest_route=\/wp\/v2\/posts"}],"about":[{"href":"https:\/\/foro1025.mx\/index.php?rest_route=\/wp\/v2\/types\/post"}],"author":[{"embeddable":true,"href":"https:\/\/foro1025.mx\/index.php?rest_route=\/wp\/v2\/users\/1"}],"replies":[{"embeddable":true,"href":"https:\/\/foro1025.mx\/index.php?rest_route=%2Fwp%2Fv2%2Fcomments&post=17925"}],"version-history":[{"count":1,"href":"https:\/\/foro1025.mx\/index.php?rest_route=\/wp\/v2\/posts\/17925\/revisions"}],"predecessor-version":[{"id":17927,"href":"https:\/\/foro1025.mx\/index.php?rest_route=\/wp\/v2\/posts\/17925\/revisions\/17927"}],"wp:attachment":[{"href":"https:\/\/foro1025.mx\/index.php?rest_route=%2Fwp%2Fv2%2Fmedia&parent=17925"}],"wp:term":[{"taxonomy":"category","embeddable":true,"href":"https:\/\/foro1025.mx\/index.php?rest_route=%2Fwp%2Fv2%2Fcategories&post=17925"},{"taxonomy":"post_tag","embeddable":true,"href":"https:\/\/foro1025.mx\/index.php?rest_route=%2Fwp%2Fv2%2Ftags&post=17925"}],"curies":[{"name":"wp","href":"https:\/\/api.w.org\/{rel}","templated":true}]}}