{"id":17955,"date":"2022-02-23T06:51:39","date_gmt":"2022-02-23T12:51:39","guid":{"rendered":"https:\/\/foro1025.mx\/?p=17955"},"modified":"2022-02-28T06:53:45","modified_gmt":"2022-02-28T12:53:45","slug":"reapertira-y-mantenimiento-del-jardin-de-ninos-josefa-ortiz-de-dominguez-en-pro-de-la-educacion","status":"publish","type":"post","link":"https:\/\/foro1025.mx\/?p=17955","title":{"rendered":"Reapertira y mantenimiento del jard\u00edn de ni\u00f1os Josefa Ort\u00edz de Dom\u00ednguez en pro de la educaci\u00f3n"},"content":{"rendered":"<p class=\"p1\"><em>&#8211; <span class=\"Apple-converted-space\">\u00a0 <\/span>Plantilla de 76 estudiantes se beneficiar\u00e1 con la rehabilitaci\u00f3n y equipamiento del plantel escolar<\/em><\/p>\n<p class=\"p1\">El Gobierno Municipal de Cuautitl\u00e1n Izcalli, a trav\u00e9s del Sistema Municipal para el Desarrollo Integral de la Familia (DIF), puso en marcha esta ma\u00f1ana la reapertura y mantenimiento del jard\u00edn de ni\u00f1os \u201cJosefa Ort\u00edz de Dom\u00ednguez\u201d ubicado en calle 11 y calle 12 pertenecientes a la colonia La Quebrada.<\/p>\n<p class=\"p1\">El Sistema Municipal DIF Izcalli cuenta con 11 jardines de ni\u00f1os con una matr\u00edcula total de 980 estudiantes; de los cuales 76 se encuentran registrados en el jard\u00edn de ni\u00f1os \u201cJosefa Ort\u00edz de Dom\u00ednguez\u201d, el cual a causa de la pandemia actual y como medida preventiva ante COVID-19, opera de forma semipresencial y se turnan en clases presenciales.<\/p>\n<p class=\"p1\">La presidenta municipal, agradeci\u00f3 la confianza de los ciudadanos presentes y los docentes a quienes coment\u00f3: \u00abhay mucho que aportar en estos jardines de ni\u00f1os, es un trabajo en equipo en d\u00f3nde lo m\u00e1s importante es que los peque\u00f1ines tengan un espacio adecuado para su crecimiento y desarrollo, con un entorno seguro y confortable, ellos son el futuro que queremos\u201d.<\/p>\n<p class=\"p1\">\u201cEl jard\u00edn de ni\u00f1os se convierte en el segundo hogar de nuestras ni\u00f1as y ni\u00f1os, es el lugar donde pasan m\u00e1s tiempo y se cimientan las bases de su desarrollo. La diferencia puede verse y sentirse, tenemos el objetivo de ir mejorando cada espacio, de transmitirle a las y los izcallenses que para nosotros las familias son lo m\u00e1s importante\u00bb, coment\u00f3 la presidenta del DIF.<\/p>\n<p class=\"p1\">Durante la visita las y los representantes del gobierno de Cuautitl\u00e1n Izcalli y del DIF, realizaron un recorrido por el jard\u00edn de ni\u00f1os, observando las acciones de rehabilitaci\u00f3n entre las que destacan:<\/p>\n<p class=\"p1\">\u2022 Poda de pasto y \u00e1rboles.<\/p>\n<p class=\"p1\">\u2022 Pintura exterior e interior.<\/p>\n<p class=\"p1\">\u2022 Rehabilitaci\u00f3n de ba\u00f1os.<\/p>\n<p class=\"p1\">\u2022 Mantenimiento a los juegos infantiles.<\/p>\n<p class=\"p1\">\u2022 Colocaci\u00f3n de techo para la protecci\u00f3n del tinaco.<\/p>\n<p class=\"p1\">Al evento tambi\u00e9n acudieron la directora del SMDIF, el subdirector de Servicios Educativos del Sistema Municipal para el Desarrollo Integral de la Familia de Cuautitl\u00e1n Izcalli, y la directora escolar del jard\u00edn de ni\u00f1os \u201cJosefa Ort\u00edz de Dom\u00ednguez\u201d.<\/p>\n","protected":false},"excerpt":{"rendered":"<div class=\"mh-excerpt\"><p>&#8211; \u00a0 Plantilla de 76 estudiantes se beneficiar\u00e1 con la rehabilitaci\u00f3n y equipamiento del plantel <a class=\"mh-excerpt-more\" href=\"https:\/\/foro1025.mx\/?p=17955\" title=\"Reapertira y mantenimiento del jard\u00edn de ni\u00f1os Josefa Ort\u00edz de Dom\u00ednguez en pro de la educaci\u00f3n\">&#8230;<\/a><\/p>\n<\/div>","protected":false},"author":1,"featured_media":0,"comment_status":"closed","ping_status":"closed","sticky":false,"template":"","format":"standard","meta":{"footnotes":""},"categories":[29],"tags":[],"class_list":{"0":"post-17955","1":"post","2":"type-post","3":"status-publish","4":"format-standard","6":"category-cuautitlan-izcalli"},"_links":{"self":[{"href":"https:\/\/foro1025.mx\/index.php?rest_route=\/wp\/v2\/posts\/17955","targetHints":{"allow":["GET"]}}],"collection":[{"href":"https:\/\/foro1025.mx\/index.php?rest_route=\/wp\/v2\/posts"}],"about":[{"href":"https:\/\/foro1025.mx\/index.php?rest_route=\/wp\/v2\/types\/post"}],"author":[{"embeddable":true,"href":"https:\/\/foro1025.mx\/index.php?rest_route=\/wp\/v2\/users\/1"}],"replies":[{"embeddable":true,"href":"https:\/\/foro1025.mx\/index.php?rest_route=%2Fwp%2Fv2%2Fcomments&post=17955"}],"version-history":[{"count":1,"href":"https:\/\/foro1025.mx\/index.php?rest_route=\/wp\/v2\/posts\/17955\/revisions"}],"predecessor-version":[{"id":17957,"href":"https:\/\/foro1025.mx\/index.php?rest_route=\/wp\/v2\/posts\/17955\/revisions\/17957"}],"wp:attachment":[{"href":"https:\/\/foro1025.mx\/index.php?rest_route=%2Fwp%2Fv2%2Fmedia&parent=17955"}],"wp:term":[{"taxonomy":"category","embeddable":true,"href":"https:\/\/foro1025.mx\/index.php?rest_route=%2Fwp%2Fv2%2Fcategories&post=17955"},{"taxonomy":"post_tag","embeddable":true,"href":"https:\/\/foro1025.mx\/index.php?rest_route=%2Fwp%2Fv2%2Ftags&post=17955"}],"curies":[{"name":"wp","href":"https:\/\/api.w.org\/{rel}","templated":true}]}}