{"id":17980,"date":"2022-02-18T07:28:35","date_gmt":"2022-02-18T13:28:35","guid":{"rendered":"https:\/\/foro1025.mx\/?p=17980"},"modified":"2022-02-28T07:30:42","modified_gmt":"2022-02-28T13:30:42","slug":"impulsa-atizapan-de-zaragoza-gobierno-digital","status":"publish","type":"post","link":"https:\/\/foro1025.mx\/?p=17980","title":{"rendered":"Impulsa Atizap\u00e1n de Zaragoza gobierno digital"},"content":{"rendered":"<p class=\"p1\">El Gobierno de Atizap\u00e1n de Zaragoza integr\u00f3 el Comit\u00e9 Interno de Gobierno Digital, a fin de eficientar la gesti\u00f3n de tr\u00e1mites y servicios y fomentar la transparencia en procesos administrativos municipales.<\/p>\n<p class=\"p1\">La creaci\u00f3n del Comit\u00e9 deriva de la necesidad de aplicar las \u200b\u200bTecnolog\u00edas de la Informaci\u00f3n y la Comunicaci\u00f3n al servicio de la ciudadan\u00eda, lo que se traduce en mejoras en la gesti\u00f3n, planificaci\u00f3n y administraci\u00f3n de la actividad municipal.<\/p>\n<p class=\"p1\">La transici\u00f3n de Atizap\u00e1n de Zaragoza hacia un Gobierno Digital implica la aceleraci\u00f3n de procesos de digitalizaci\u00f3n y comunicaci\u00f3n entre todas las \u00e1reas municipales, as\u00ed como la reducci\u00f3n de los requisitos en los diversos tr\u00e1mites municipales que soliciten los ciudadanos.<\/p>\n<p class=\"p1\">Con la modernizaci\u00f3n de la Administraci\u00f3n municipal, se establece un mecanismo que elimina pr\u00e1cticas de corrupci\u00f3n, ya que promueve la transparencia y la rendici\u00f3n de cuentas.<\/p>\n<p class=\"p1\">El Presidente Municipal refiri\u00f3 que el reto del trienio es eficientar la gesti\u00f3n p\u00fablica en t\u00e9rminos de tiempo, servicio y capacidad de respuesta, adem\u00e1s de reducir el impacto ambiental con la disminuci\u00f3n del uso de papel.<\/p>\n<p class=\"p1\">El Alcalde resalt\u00f3 que la modernizaci\u00f3n del gobierno responde a la necesidad de brindar mejor servicio a los atizapenses, para que recobren la confianza en el servicio p\u00fablico.<\/p>\n<p class=\"p1\">El Comit\u00e9 Interno de Gobierno Digital est\u00e1 integrado por el Alcalde Pedro Rodr\u00edguez Villegas, como Presidente del mismo; Guillermo Cabrera, Secretario T\u00e9cnico; Alma Delia Vald\u00e9s Hern\u00e1ndez, Secretaria Ejecutiva; Pablo Joaqu\u00edn Olvera Maganda, Vocal 1; Jos\u00e9 Ortega R\u00edos, Vocal 2; Enrique Gonz\u00e1lez Fonseca, Vocal 3; Iv\u00e1n Jasso Aguirre, Vocal 4; Horacio Roa Flores, Representante del \u00d3rgano Interno de Control.<\/p>\n","protected":false},"excerpt":{"rendered":"<div class=\"mh-excerpt\"><p>El Gobierno de Atizap\u00e1n de Zaragoza integr\u00f3 el Comit\u00e9 Interno de Gobierno Digital, a fin <a class=\"mh-excerpt-more\" href=\"https:\/\/foro1025.mx\/?p=17980\" title=\"Impulsa Atizap\u00e1n de Zaragoza gobierno digital\">&#8230;<\/a><\/p>\n<\/div>","protected":false},"author":1,"featured_media":0,"comment_status":"closed","ping_status":"closed","sticky":false,"template":"","format":"standard","meta":{"footnotes":""},"categories":[1],"tags":[],"class_list":{"0":"post-17980","1":"post","2":"type-post","3":"status-publish","4":"format-standard","6":"category-atizapan"},"_links":{"self":[{"href":"https:\/\/foro1025.mx\/index.php?rest_route=\/wp\/v2\/posts\/17980","targetHints":{"allow":["GET"]}}],"collection":[{"href":"https:\/\/foro1025.mx\/index.php?rest_route=\/wp\/v2\/posts"}],"about":[{"href":"https:\/\/foro1025.mx\/index.php?rest_route=\/wp\/v2\/types\/post"}],"author":[{"embeddable":true,"href":"https:\/\/foro1025.mx\/index.php?rest_route=\/wp\/v2\/users\/1"}],"replies":[{"embeddable":true,"href":"https:\/\/foro1025.mx\/index.php?rest_route=%2Fwp%2Fv2%2Fcomments&post=17980"}],"version-history":[{"count":1,"href":"https:\/\/foro1025.mx\/index.php?rest_route=\/wp\/v2\/posts\/17980\/revisions"}],"predecessor-version":[{"id":17982,"href":"https:\/\/foro1025.mx\/index.php?rest_route=\/wp\/v2\/posts\/17980\/revisions\/17982"}],"wp:attachment":[{"href":"https:\/\/foro1025.mx\/index.php?rest_route=%2Fwp%2Fv2%2Fmedia&parent=17980"}],"wp:term":[{"taxonomy":"category","embeddable":true,"href":"https:\/\/foro1025.mx\/index.php?rest_route=%2Fwp%2Fv2%2Fcategories&post=17980"},{"taxonomy":"post_tag","embeddable":true,"href":"https:\/\/foro1025.mx\/index.php?rest_route=%2Fwp%2Fv2%2Ftags&post=17980"}],"curies":[{"name":"wp","href":"https:\/\/api.w.org\/{rel}","templated":true}]}}