{"id":18001,"date":"2022-02-24T07:49:28","date_gmt":"2022-02-24T13:49:28","guid":{"rendered":"https:\/\/foro1025.mx\/?p=18001"},"modified":"2022-02-28T07:51:07","modified_gmt":"2022-02-28T13:51:07","slug":"encabeza-pedro-rodriguez-villegas-ceremonia-del-dia-de-la-bandera","status":"publish","type":"post","link":"https:\/\/foro1025.mx\/?p=18001","title":{"rendered":"Encabeza Pedro Rodr\u00edguez Villegas ceremonia del D\u00eda de la Bandera"},"content":{"rendered":"<p class=\"p1\">El Presidente Municipal de Atizap\u00e1n de Zaragoza encabez\u00f3 la ceremonia del D\u00eda de la Bandera en la explanada del Palacio Municipal. En el acto, el Alcalde enfatiz\u00f3 que los colores y el escudo nacional de este s\u00edmbolo patrio representan el valor de aquellos que lucharon por la naci\u00f3n.<\/p>\n<p class=\"p1\">\u201cLo que hoy debemos celebrar no solo es que tenemos la bandera m\u00e1s hermosa del mundo, sino que somos un pa\u00eds con identidad, independiente, libre y soberano.<\/p>\n<p class=\"p1\">\u201cQue a pesar de los grandes retos, contamos con una gran esperanza de ser la mejor naci\u00f3n del mundo, con ciudadanos ejemplares que cumplan su rol desde la familia, en el trabajo y en su comunidad, esta es la mejor manera de honrar a quienes con su valent\u00eda nos dieron la patria\u201d, expres\u00f3 Pedro Rodr\u00edguez.<\/p>\n<p class=\"p1\">Ante la presencia de Jos\u00e9 Alberto Gonz\u00e1lez Aguilar, Director General de Movilidad y representante y del Gobernador del Estado de M\u00e9xico, Alfredo del Mazo Maza, as\u00ed como miembros del cuerpo Edilicio y Gabinete, el Alcalde iz\u00f3 el nuevo l\u00e1baro patrio e inciner\u00f3 la bandera nacional que hab\u00eda ondeado en a\u00f1os anteriores, misma que hab\u00eda sufrido alg\u00fan deterioro.<\/p>\n<p class=\"p1\">El Alcalde reiter\u00f3 su compromiso de trabajar junto con la ciudadan\u00eda para crear un municipio pr\u00f3spero y seguro.<\/p>\n<p class=\"p1\">\u201cLos invito a que nos sintamos orgullos de ser atizapenses y que contribuyamos para que la imagen de nuestro municipio siga trascendiendo no solo en el Estado de M\u00e9xico, sino en el pa\u00eds\u201d, expres\u00f3.<\/p>\n<p class=\"p1\">Finalmente, Pedro Rodr\u00edguez Villegas tambi\u00e9n abander\u00f3 y tom\u00f3 protesta a la Escolta del Heroico Cuerpo de Bomberos.<\/p>\n","protected":false},"excerpt":{"rendered":"<div class=\"mh-excerpt\"><p>El Presidente Municipal de Atizap\u00e1n de Zaragoza encabez\u00f3 la ceremonia del D\u00eda de la Bandera <a class=\"mh-excerpt-more\" href=\"https:\/\/foro1025.mx\/?p=18001\" title=\"Encabeza Pedro Rodr\u00edguez Villegas ceremonia del D\u00eda de la Bandera\">&#8230;<\/a><\/p>\n<\/div>","protected":false},"author":1,"featured_media":0,"comment_status":"closed","ping_status":"closed","sticky":false,"template":"","format":"standard","meta":{"footnotes":""},"categories":[1],"tags":[],"class_list":{"0":"post-18001","1":"post","2":"type-post","3":"status-publish","4":"format-standard","6":"category-atizapan"},"_links":{"self":[{"href":"https:\/\/foro1025.mx\/index.php?rest_route=\/wp\/v2\/posts\/18001","targetHints":{"allow":["GET"]}}],"collection":[{"href":"https:\/\/foro1025.mx\/index.php?rest_route=\/wp\/v2\/posts"}],"about":[{"href":"https:\/\/foro1025.mx\/index.php?rest_route=\/wp\/v2\/types\/post"}],"author":[{"embeddable":true,"href":"https:\/\/foro1025.mx\/index.php?rest_route=\/wp\/v2\/users\/1"}],"replies":[{"embeddable":true,"href":"https:\/\/foro1025.mx\/index.php?rest_route=%2Fwp%2Fv2%2Fcomments&post=18001"}],"version-history":[{"count":1,"href":"https:\/\/foro1025.mx\/index.php?rest_route=\/wp\/v2\/posts\/18001\/revisions"}],"predecessor-version":[{"id":18003,"href":"https:\/\/foro1025.mx\/index.php?rest_route=\/wp\/v2\/posts\/18001\/revisions\/18003"}],"wp:attachment":[{"href":"https:\/\/foro1025.mx\/index.php?rest_route=%2Fwp%2Fv2%2Fmedia&parent=18001"}],"wp:term":[{"taxonomy":"category","embeddable":true,"href":"https:\/\/foro1025.mx\/index.php?rest_route=%2Fwp%2Fv2%2Fcategories&post=18001"},{"taxonomy":"post_tag","embeddable":true,"href":"https:\/\/foro1025.mx\/index.php?rest_route=%2Fwp%2Fv2%2Ftags&post=18001"}],"curies":[{"name":"wp","href":"https:\/\/api.w.org\/{rel}","templated":true}]}}