{"id":18023,"date":"2022-02-21T08:09:53","date_gmt":"2022-02-21T14:09:53","guid":{"rendered":"https:\/\/foro1025.mx\/?p=18023"},"modified":"2022-02-28T08:14:05","modified_gmt":"2022-02-28T14:14:05","slug":"inauguran-centro-ce-capacitacion-y-area-de-hospitalizacion-en-cruz-roja-naucalpan","status":"publish","type":"post","link":"https:\/\/foro1025.mx\/?p=18023","title":{"rendered":"Inauguran centro ce capacitaci\u00f3n y \u00e1rea de hospitalizaci\u00f3n en Cruz Roja Naucalpan"},"content":{"rendered":"<p class=\"p2\">\n<ul class=\"ul1\">\n<li class=\"li4\"><em>La Cruz Roja invirti\u00f3 11 millones de pesos en estas obras.<\/em><\/li>\n<li class=\"li4\"><em>El \u00e1rea de hospitalizaci\u00f3n cuenta con 17 camas fijas.<\/em><\/li>\n<\/ul>\n<p class=\"p4\">La presidenta municipal Ang\u00e9lica Moya Mar\u00edn particip\u00f3 en la inauguraci\u00f3n del nuevo Centro Estatal de Capacitaci\u00f3n y el \u00c1rea de Hospitalizaci\u00f3n de la Cruz Roja Mexicana delegaci\u00f3n Naucalpan, ubicadas en el fraccionamiento industrial Tlatilco, en el marco del 112 aniversario de la instituci\u00f3n.<\/p>\n<p class=\"p4\">La alcaldesa Moya Mar\u00edn indic\u00f3 que la Coordinaci\u00f3n Municipal de Protecci\u00f3n Civil trabaja de manera coordinada con la Cruz Roja local en un plan de capacitaci\u00f3n permanente para atender de manera eficiente y oportuna las emergencias que se registran en el municipio.<\/p>\n<p class=\"p4\">Inform\u00f3 que el a\u00f1o pasado esta instituci\u00f3n capacit\u00f3 a 4 mil 488 profesionales de salud, por lo que se espera que con estas nuevas instalaciones incremente el n\u00famero de m\u00e9dicos, param\u00e9dicos, doctores y personal de enfermer\u00eda capacitados en la atenci\u00f3n de emergencias.<\/p>\n<p class=\"p4\">Como un reconocimiento a su labor, la alcaldesa felicit\u00f3 a todos los que forman parte de la Cruz Roja Mexicana y que han prestado sus servicios en diferentes emergencias como en los terremotos de 1985 y 2017, en las explosiones de San Juanico de 1984 as\u00ed como en los deslaves que ocurrieron en Naucalpan en el 2003 por mencionar algunas.<\/p>\n<p class=\"p4\">El presidente nacional de la Cruz Roja Mexicana, Fernando Suinaga C\u00e1rdenas, inform\u00f3 que desde que inici\u00f3 la pandemia por COVID19, en marzo del 2020, hasta diciembre del 2021 se contabilizaron m\u00e1s de 4 mil 878 traslados en ambulancia en el Estado de M\u00e9xico, la mayor\u00eda de ellos en estado grave, y m\u00e1s de 86 mil traslados a hospitales a nivel nacional, lo que refleja la importancia de contar con equipamiento e instalaciones adecuadas para realizar estas labores.<\/p>\n<p class=\"p4\">En representaci\u00f3n del gobernador Alfredo del Mazo, el director general del Instituto de Salud del Estado de M\u00e9xico, Francisco Javier Fern\u00e1ndez Clamont reconoci\u00f3 el esfuerzo realizado por el personal de la Cruz Roja Mexicana que lleva dos a\u00f1os luchando en la primera l\u00ednea de batalla contra el coronavirus y no han dejado de atender otros padecimientos, enfermedades y emergencias ajenas a la pandemia con un servicio de calidad y calidez humana.<\/p>\n<p class=\"p4\">El presidente del Consejo Local de la Delegaci\u00f3n Naucalpan puntualiz\u00f3 que se invirtieron 3.5 millones de pesos en el Centro Estatal de Capacitaci\u00f3n para contar con laboratorios de destreza para la reanimaci\u00f3n cardio cerebro pulmonar, manejo de v\u00edas a\u00e9reas, un simulador de ambulancia y todo el equipo necesario para la impartici\u00f3n de cursos de primeros auxilios.<\/p>\n<p class=\"p4\">Agreg\u00f3 que en el \u00e1rea de hospitalizaci\u00f3n se invirtieron 7.5 millones de pesos y cuenta con dos \u00e1reas de quir\u00f3fano, 17 camas censables (fijas) y nueve camas no censables (temporales), y se realizaron trabajos de mantenimiento como cambio de canceler\u00eda, remodelaci\u00f3n de pisos, paredes y pasillos, as\u00ed como la aplicaci\u00f3n de pintura, por mencionar algunos.<\/p>\n<p class=\"p4\">Los interesados en participar en los cursos de protecci\u00f3n civil y primeros auxilios deben ingresar al link de la p\u00e1gina oficial de Facebook de la Cruz Roja Delegaci\u00f3n Naucalpan https:\/\/www.facebook.com\/CruzRojaNaucalpanMx o comunicarse al tel\u00e9fono 55 5560 6999 para recibir mayor informaci\u00f3n.<\/p>\n","protected":false},"excerpt":{"rendered":"<div class=\"mh-excerpt\"><p>La Cruz Roja invirti\u00f3 11 millones de pesos en estas obras. El \u00e1rea de hospitalizaci\u00f3n <a class=\"mh-excerpt-more\" href=\"https:\/\/foro1025.mx\/?p=18023\" title=\"Inauguran centro ce capacitaci\u00f3n y \u00e1rea de hospitalizaci\u00f3n en Cruz Roja Naucalpan\">&#8230;<\/a><\/p>\n<\/div>","protected":false},"author":1,"featured_media":0,"comment_status":"closed","ping_status":"closed","sticky":false,"template":"","format":"standard","meta":{"footnotes":""},"categories":[8],"tags":[],"class_list":{"0":"post-18023","1":"post","2":"type-post","3":"status-publish","4":"format-standard","6":"category-naucalpan"},"_links":{"self":[{"href":"https:\/\/foro1025.mx\/index.php?rest_route=\/wp\/v2\/posts\/18023","targetHints":{"allow":["GET"]}}],"collection":[{"href":"https:\/\/foro1025.mx\/index.php?rest_route=\/wp\/v2\/posts"}],"about":[{"href":"https:\/\/foro1025.mx\/index.php?rest_route=\/wp\/v2\/types\/post"}],"author":[{"embeddable":true,"href":"https:\/\/foro1025.mx\/index.php?rest_route=\/wp\/v2\/users\/1"}],"replies":[{"embeddable":true,"href":"https:\/\/foro1025.mx\/index.php?rest_route=%2Fwp%2Fv2%2Fcomments&post=18023"}],"version-history":[{"count":1,"href":"https:\/\/foro1025.mx\/index.php?rest_route=\/wp\/v2\/posts\/18023\/revisions"}],"predecessor-version":[{"id":18025,"href":"https:\/\/foro1025.mx\/index.php?rest_route=\/wp\/v2\/posts\/18023\/revisions\/18025"}],"wp:attachment":[{"href":"https:\/\/foro1025.mx\/index.php?rest_route=%2Fwp%2Fv2%2Fmedia&parent=18023"}],"wp:term":[{"taxonomy":"category","embeddable":true,"href":"https:\/\/foro1025.mx\/index.php?rest_route=%2Fwp%2Fv2%2Fcategories&post=18023"},{"taxonomy":"post_tag","embeddable":true,"href":"https:\/\/foro1025.mx\/index.php?rest_route=%2Fwp%2Fv2%2Ftags&post=18023"}],"curies":[{"name":"wp","href":"https:\/\/api.w.org\/{rel}","templated":true}]}}