{"id":18044,"date":"2022-02-16T08:26:05","date_gmt":"2022-02-16T14:26:05","guid":{"rendered":"https:\/\/foro1025.mx\/?p=18044"},"modified":"2022-02-28T08:27:54","modified_gmt":"2022-02-28T14:27:54","slug":"se-instala-comision-de-coordinacion-municipal-de-prevencion-de-la-violencia-y-la-delincuencia","status":"publish","type":"post","link":"https:\/\/foro1025.mx\/?p=18044","title":{"rendered":"Se instala Comisi\u00f3n de Coordinaci\u00f3n Municipal de Prevenci\u00f3n de la Violencia y la Delincuencia"},"content":{"rendered":"<p class=\"p1\">\n<ul class=\"ul1\">\n<li class=\"li3\"><em>Participan las distintas \u00e1reas de la Administraci\u00f3n para generar un municipio seguro y en paz<\/em><\/li>\n<\/ul>\n<p class=\"p3\">El d\u00eda de hoy se instal\u00f3 la Comisi\u00f3n de Coordinaci\u00f3n Municipal de la Prevenci\u00f3n Social de la Violencia y la Delincuencia en la que tomaron protesta sus integrantes quienes conjuntar\u00e1n acciones que procuren una mejor convivencia y la paz social en territorio local.<\/p>\n<p class=\"p3\">Durante la sesi\u00f3n de instalaci\u00f3n, el Alcalde destac\u00f3 la urgencia de que a la brevedad se inicien los trabajos correspondientes, ya que con la pandemia la violencia y la delincuencia se recrudecieron, derivado de la p\u00e9rdida de empleo, por lo que es fundamental generar una agenda p\u00fablica para abatir dichos factores que alteran el orden social.<\/p>\n<p class=\"p3\">\u00abComo gobierno debemos impulsar acciones encaminadas a fomentar la convivencia comunitaria y fortalecer la corresponsabilidad de la sociedad, con el \u00e1nimo de consolidar un trabajo tripartita que nos permita garantizar un municipio tranquilo y en paz, donde se propicie el arreglo amistoso y siempre buscar mejor condiciones de vida\u00bb, refiri\u00f3 el Presidente Municipal.<\/p>\n<p class=\"p3\">Instruy\u00f3 a cada una de las \u00e1reas participantes en este Comit\u00e9, para que desde su competencia instrumente programas que procuren la participaci\u00f3n ciudadana.<\/p>\n<p class=\"p3\">En el caso de la Comisar\u00eda de Seguridad P\u00fablica, Servicios y Obras P\u00fablicas, los conmin\u00f3 a fortalecer el rescate de espacios p\u00fablicos para no dejar sitios a la delincuencia y devolverlos a la comunidad; al Sistema DIF local y el Instituto de Educaci\u00f3n, los exhort\u00f3 a trabajar en programas de recuperaci\u00f3n de valores e integraci\u00f3n familiar.<\/p>\n<p class=\"p3\">A los institutos de Deporte, Juventud y Cultura les pidi\u00f3 instrumentar programas que permitan la participaci\u00f3n de los tlalnepantlenses, principalmente de los j\u00f3venes, para que se mantengan ocupados y se alejen de conductas indebidas; a Desarrollo Econ\u00f3mico y Desarrollo Social les pidi\u00f3 generar oportunidades de empleo y crecimiento para los ciudadanos que buscan donde desempe\u00f1ar su potencial.<\/p>\n<p class=\"p3\">De igual manera, llam\u00f3 a la direcci\u00f3n de la Mujer Justicia C\u00edvica y Derechos Humanos, a promover la igualdad y equidad, as\u00ed como procurar la sana convivencia y las garant\u00edas individuales, propiciando un mejor municipio para todos.<\/p>\n","protected":false},"excerpt":{"rendered":"<div class=\"mh-excerpt\"><p>Participan las distintas \u00e1reas de la Administraci\u00f3n para generar un municipio seguro y en paz <a class=\"mh-excerpt-more\" href=\"https:\/\/foro1025.mx\/?p=18044\" title=\"Se instala Comisi\u00f3n de Coordinaci\u00f3n Municipal de Prevenci\u00f3n de la Violencia y la Delincuencia\">&#8230;<\/a><\/p>\n<\/div>","protected":false},"author":1,"featured_media":0,"comment_status":"closed","ping_status":"closed","sticky":false,"template":"","format":"standard","meta":{"footnotes":""},"categories":[16],"tags":[],"class_list":{"0":"post-18044","1":"post","2":"type-post","3":"status-publish","4":"format-standard","6":"category-tlalnepantla"},"_links":{"self":[{"href":"https:\/\/foro1025.mx\/index.php?rest_route=\/wp\/v2\/posts\/18044","targetHints":{"allow":["GET"]}}],"collection":[{"href":"https:\/\/foro1025.mx\/index.php?rest_route=\/wp\/v2\/posts"}],"about":[{"href":"https:\/\/foro1025.mx\/index.php?rest_route=\/wp\/v2\/types\/post"}],"author":[{"embeddable":true,"href":"https:\/\/foro1025.mx\/index.php?rest_route=\/wp\/v2\/users\/1"}],"replies":[{"embeddable":true,"href":"https:\/\/foro1025.mx\/index.php?rest_route=%2Fwp%2Fv2%2Fcomments&post=18044"}],"version-history":[{"count":1,"href":"https:\/\/foro1025.mx\/index.php?rest_route=\/wp\/v2\/posts\/18044\/revisions"}],"predecessor-version":[{"id":18046,"href":"https:\/\/foro1025.mx\/index.php?rest_route=\/wp\/v2\/posts\/18044\/revisions\/18046"}],"wp:attachment":[{"href":"https:\/\/foro1025.mx\/index.php?rest_route=%2Fwp%2Fv2%2Fmedia&parent=18044"}],"wp:term":[{"taxonomy":"category","embeddable":true,"href":"https:\/\/foro1025.mx\/index.php?rest_route=%2Fwp%2Fv2%2Fcategories&post=18044"},{"taxonomy":"post_tag","embeddable":true,"href":"https:\/\/foro1025.mx\/index.php?rest_route=%2Fwp%2Fv2%2Ftags&post=18044"}],"curies":[{"name":"wp","href":"https:\/\/api.w.org\/{rel}","templated":true}]}}