{"id":18086,"date":"2022-02-20T10:31:50","date_gmt":"2022-02-20T16:31:50","guid":{"rendered":"https:\/\/foro1025.mx\/?p=18086"},"modified":"2022-02-28T10:33:27","modified_gmt":"2022-02-28T16:33:27","slug":"convoca-gobierno-de-coacalco-a-la-ciudadania-para-elegir-defensor-municipal-de-los-derechos-humanos","status":"publish","type":"post","link":"https:\/\/foro1025.mx\/?p=18086","title":{"rendered":"Convoca gobierno de Coacalco a la ciudadan\u00eda para elegir defensor municipal de los Derechos Humanos"},"content":{"rendered":"<p class=\"p3\">Con el objetivo de promover el respeto, la equidad y la defensa de las garant\u00edas individuales de los coacalquenses, el gobierno municipal emiti\u00f3 la convocatoria para la designaci\u00f3n del Defensor de los Derechos Humanos.<\/p>\n<p class=\"p3\">El presidente municipal de Coacalco, inform\u00f3 que pueden participar las personas con nacionalidad mexicana y que gocen de sus derechos pol\u00edticos y civiles, as\u00ed como tener residencia comprobable no menor de tres en Coacalco.<\/p>\n<p class=\"p3\">Dijo que adem\u00e1s de ofrecer a los habitantes de Coacalco servicios p\u00fablicos de calidad, tambi\u00e9n se debe garantizar un gobierno incluyente y de puertas abiertas, en donde la ciudadan\u00eda sepa que la autoridad municipal es su aliado en la defensa de sus derechos.<\/p>\n<p class=\"p3\">En relaci\u00f3n a lo antes mencionado, el defensor municipal tambi\u00e9n debe establecer los medios necesarios para que la ciudadan\u00eda participe y contribuya en la promoci\u00f3n y respeto de las garant\u00edas individuales.<\/p>\n<p class=\"p3\">Asimismo, pueden participar los ciudadanos que no hayan sido sancionados o inhabilitados en otros cargos p\u00fablicos, no haber estado procesados por alg\u00fan delito, contar con estudios de licenciatura, as\u00ed como experiencia en materia de Derechos Humanos.<\/p>\n<p class=\"p3\">Los aspirantes deben presentar una solicitud y exposici\u00f3n de motivos por escrito, indicando los argumentos por los que aspira al cargo, dirigidos al H. Ayuntamiento de Coacalco; tambi\u00e9n deber\u00e1n presentar acta de nacimiento, curr\u00edculum, entre otros requisitos, en las oficinas de la Secretaria del Ayuntamiento, ubicadas en el Palacio Municipal, direcci\u00f3n Severiano Reyes s\/n Colonia Centro, del 18 de febrero al 04 de marzo.<\/p>\n<p class=\"p3\">Como parte del proceso, la Secretar\u00eda del H. Ayuntamiento enviar\u00e1 las solicitudes a la Comisi\u00f3n de los Derechos Humanos del Estado de M\u00e9xico (CODHEM) para que seleccione una terna, previamente se realizar\u00e1 un estudio y consulta con la sociedad civil y organismos p\u00fablicos especializados en el tema<\/p>\n<p class=\"p3\">El grupo elegido expondr\u00e1 ante el Cabildo su plan de trabajo, posteriormente el cuerpo edilicio deliberar\u00e1 y designar\u00e1 al pr\u00f3ximo Defensor Municipal de los Derechos Humanos, cuyo nombramiento ser\u00e1 publicado en la Gaceta Municipal.<\/p>\n<p class=\"p3\">Para mayores informes los interesados pueden consultar la p\u00e1gina www.coacalco.gob.mx<span class=\"Apple-converted-space\">\u00a0 <\/span>o dirigirse a la Secretaria del H. Ayuntamiento en un horario de 9:00 a 18:00 horas.<\/p>\n","protected":false},"excerpt":{"rendered":"<div class=\"mh-excerpt\"><p>Con el objetivo de promover el respeto, la equidad y la defensa de las garant\u00edas <a class=\"mh-excerpt-more\" href=\"https:\/\/foro1025.mx\/?p=18086\" title=\"Convoca gobierno de Coacalco a la ciudadan\u00eda para elegir defensor municipal de los Derechos Humanos\">&#8230;<\/a><\/p>\n<\/div>","protected":false},"author":1,"featured_media":0,"comment_status":"closed","ping_status":"closed","sticky":false,"template":"","format":"standard","meta":{"footnotes":""},"categories":[7],"tags":[],"class_list":{"0":"post-18086","1":"post","2":"type-post","3":"status-publish","4":"format-standard","6":"category-coacalco"},"_links":{"self":[{"href":"https:\/\/foro1025.mx\/index.php?rest_route=\/wp\/v2\/posts\/18086","targetHints":{"allow":["GET"]}}],"collection":[{"href":"https:\/\/foro1025.mx\/index.php?rest_route=\/wp\/v2\/posts"}],"about":[{"href":"https:\/\/foro1025.mx\/index.php?rest_route=\/wp\/v2\/types\/post"}],"author":[{"embeddable":true,"href":"https:\/\/foro1025.mx\/index.php?rest_route=\/wp\/v2\/users\/1"}],"replies":[{"embeddable":true,"href":"https:\/\/foro1025.mx\/index.php?rest_route=%2Fwp%2Fv2%2Fcomments&post=18086"}],"version-history":[{"count":1,"href":"https:\/\/foro1025.mx\/index.php?rest_route=\/wp\/v2\/posts\/18086\/revisions"}],"predecessor-version":[{"id":18088,"href":"https:\/\/foro1025.mx\/index.php?rest_route=\/wp\/v2\/posts\/18086\/revisions\/18088"}],"wp:attachment":[{"href":"https:\/\/foro1025.mx\/index.php?rest_route=%2Fwp%2Fv2%2Fmedia&parent=18086"}],"wp:term":[{"taxonomy":"category","embeddable":true,"href":"https:\/\/foro1025.mx\/index.php?rest_route=%2Fwp%2Fv2%2Fcategories&post=18086"},{"taxonomy":"post_tag","embeddable":true,"href":"https:\/\/foro1025.mx\/index.php?rest_route=%2Fwp%2Fv2%2Ftags&post=18086"}],"curies":[{"name":"wp","href":"https:\/\/api.w.org\/{rel}","templated":true}]}}