{"id":18126,"date":"2022-03-01T11:28:39","date_gmt":"2022-03-01T17:28:39","guid":{"rendered":"https:\/\/foro1025.mx\/?p=18126"},"modified":"2022-03-01T11:28:39","modified_gmt":"2022-03-01T17:28:39","slug":"se-firma-convenio-de-coordinacion-con-imevis-para-dar-certeza-juridica-a-la-ciudadania","status":"publish","type":"post","link":"https:\/\/foro1025.mx\/?p=18126","title":{"rendered":"Se firma convenio de coordinaci\u00f3n con IMEVIS para dar certeza jur\u00eddica a la ciudadan\u00eda"},"content":{"rendered":"<p class=\"p1\"><em>&#8211; Se busca salvaguardar los hogares de las familias izcallenses<\/em><\/p>\n<p class=\"p1\"><em>&#8211; Queremos que las familias izcalleneses tengan certeza jur\u00eddica de los hogares d\u00f3nde viven: Fiesco Garc\u00eda<\/em><\/p>\n<p class=\"p1\">Se llev\u00f3 a cabo la Firma de Convenio de la Coordinaci\u00f3n de Acciones entre el Instituto Mexiquense de la Vivienda Social (IMEVIS) y el Ayuntamiento de Cuautitl\u00e1n Izcalli, el cual tiene como objetivo establecer las bases para coordinar programas referentes a la vivienda social otorgando certeza y seguridad jur\u00eddica en el patrimonio de las familias izcallenses.<\/p>\n<p class=\"p1\">Mariano Camacho San Mart\u00edn, director general del IMEVIS, agradeci\u00f3 la voluntad de la administraci\u00f3n municipal para trabajar en conjunto por el bienestar de la ciudadan\u00eda mexiquense en favor de la protecci\u00f3n de sus bienes inmuebles, destac\u00f3 que con este convenio se busca la regularizaci\u00f3n de los asentamientos humanos a trav\u00e9s de la instalaci\u00f3n del Comit\u00e9 de Prevenci\u00f3n y Control de Desarrollo Urbano trabajando en conjunto con las direcciones en esta materia a nivel Estatal y Federal.<\/p>\n<p class=\"p1\">Adem\u00e1s, enfatiz\u00f3 la importancia de la regularizaci\u00f3n de la tenencia de la tierra, ya que existen familias habitando predios de manera irregular al no contar con cambio de inscripci\u00f3n u otro tipo de documento que acredite la pertenencia de la propiedad.<\/p>\n<p class=\"p1\">A su vez reconoci\u00f3 el trabajo que ha realizado la administraci\u00f3n municipal con la condonaci\u00f3n de multas en el pago de algunos impuestos y servicios relacionados con las propiedades, pues el cumplimiento de este es un requisito para que IMEVIS pueda llevar a cabo la regularizaci\u00f3n correspondiente.<\/p>\n<p class=\"p1\">Asimismo, la presidenta municipal inform\u00f3 que trabajos como este buscan implementar acciones encaminadas a ofrecer crecimiento para todos y todas las izcallenses, otorgarles certeza y seguridad en su patrimonio, \u201cqueremos que nuestros vecinos tengan hogares seguros en todos los aspectos, en d\u00f3nde y c\u00f3mo est\u00e1n establecidos y lo lograremos a trav\u00e9s de esa certeza jur\u00eddica que buscamos con este convenio\u201d, dijo la alcaldesa.<\/p>\n<p class=\"p1\">En el evento se cont\u00f3 con la presencia del diputado local por el distrito 43, el secretario del ayuntamiento, integrantes del Cabildo y directores de \u00e1rea, adem\u00e1s del, director general del IMEVIS, el coordinador de delegaciones regionales, el subcoordinador de zona norte, delegada regional de Cuautitl\u00e1n Izcalli y el director general de la Secretar\u00eda de Movilidad en representaci\u00f3n del gobernador del Estado de M\u00e9xico.<\/p>\n","protected":false},"excerpt":{"rendered":"<div class=\"mh-excerpt\"><p>&#8211; Se busca salvaguardar los hogares de las familias izcallenses &#8211; Queremos que las familias <a class=\"mh-excerpt-more\" href=\"https:\/\/foro1025.mx\/?p=18126\" title=\"Se firma convenio de coordinaci\u00f3n con IMEVIS para dar certeza jur\u00eddica a la ciudadan\u00eda\">&#8230;<\/a><\/p>\n<\/div>","protected":false},"author":1,"featured_media":0,"comment_status":"closed","ping_status":"closed","sticky":false,"template":"","format":"standard","meta":{"footnotes":""},"categories":[29],"tags":[],"class_list":{"0":"post-18126","1":"post","2":"type-post","3":"status-publish","4":"format-standard","6":"category-cuautitlan-izcalli"},"_links":{"self":[{"href":"https:\/\/foro1025.mx\/index.php?rest_route=\/wp\/v2\/posts\/18126","targetHints":{"allow":["GET"]}}],"collection":[{"href":"https:\/\/foro1025.mx\/index.php?rest_route=\/wp\/v2\/posts"}],"about":[{"href":"https:\/\/foro1025.mx\/index.php?rest_route=\/wp\/v2\/types\/post"}],"author":[{"embeddable":true,"href":"https:\/\/foro1025.mx\/index.php?rest_route=\/wp\/v2\/users\/1"}],"replies":[{"embeddable":true,"href":"https:\/\/foro1025.mx\/index.php?rest_route=%2Fwp%2Fv2%2Fcomments&post=18126"}],"version-history":[{"count":1,"href":"https:\/\/foro1025.mx\/index.php?rest_route=\/wp\/v2\/posts\/18126\/revisions"}],"predecessor-version":[{"id":18128,"href":"https:\/\/foro1025.mx\/index.php?rest_route=\/wp\/v2\/posts\/18126\/revisions\/18128"}],"wp:attachment":[{"href":"https:\/\/foro1025.mx\/index.php?rest_route=%2Fwp%2Fv2%2Fmedia&parent=18126"}],"wp:term":[{"taxonomy":"category","embeddable":true,"href":"https:\/\/foro1025.mx\/index.php?rest_route=%2Fwp%2Fv2%2Fcategories&post=18126"},{"taxonomy":"post_tag","embeddable":true,"href":"https:\/\/foro1025.mx\/index.php?rest_route=%2Fwp%2Fv2%2Ftags&post=18126"}],"curies":[{"name":"wp","href":"https:\/\/api.w.org\/{rel}","templated":true}]}}