{"id":18132,"date":"2022-03-01T12:27:29","date_gmt":"2022-03-01T18:27:29","guid":{"rendered":"https:\/\/foro1025.mx\/?p=18132"},"modified":"2022-03-01T12:27:29","modified_gmt":"2022-03-01T18:27:29","slug":"firma-pedro-rodriguez-convenio-con-universidad-tecnologica-fidel-velazquez","status":"publish","type":"post","link":"https:\/\/foro1025.mx\/?p=18132","title":{"rendered":"Firma Pedro Rodr\u00edguez convenio con Universidad Tecnol\u00f3gica Fidel Vel\u00e1zquez"},"content":{"rendered":"<p class=\"p1\">El presidente Municipal de Atizap\u00e1n de Zaragoza, Pedro Rodr\u00edguez Villegas, firm\u00f3<span class=\"Apple-converted-space\">\u00a0 <\/span>los Convenios Generales en el Marco de la Administraci\u00f3n P\u00fablica-Academia, con la Universidad Tecnol\u00f3gica Fidel Vel\u00e1zquez (UTFV) para impulsar el desarrollo estudiantil y productivo de la demarcaci\u00f3n.<\/p>\n<p class=\"p1\">El Alcalde destac\u00f3 la importancia de la vinculaci\u00f3n con el sector acad\u00e9mico para aprovechar el talento tanto de los profesores como de los alumnos y aplicarlos en diferentes \u00e1reas del Gobierno.<\/p>\n<p class=\"p1\">\u201cEs muy importante que podamos sumar esfuerzos, aprovechar el talento, la experiencia tanto de los profesores como de los alumnos para complementarlos y vincularlos con las diferentes \u00e1reas de la Administraci\u00f3n para hacer un ejercicio de gobierno m\u00e1s eficiente y eficaz. Hay mucho talento aqu\u00ed que se puede aplicar en las \u00e1reas de gobierno\u201d, destac\u00f3 Pedro Rodr\u00edguez Villegas.<\/p>\n<p class=\"p1\">En el marco del Informe Anual de Actividades de la UTFV, la Rectora Angelina Carre\u00f1o Mijares y diferentes presidentes municipales de la regi\u00f3n tambi\u00e9n firmaron el Convenio que busca el desarrollo coordinado a nivel social, acad\u00e9mico y econ\u00f3mico.<\/p>\n<p class=\"p1\">Carre\u00f1o Mijares inform\u00f3 que en la instituci\u00f3n educativa que dirige estudian poco m\u00e1s de 6 mil alumnos y aproximadamente mil proceden de Atizap\u00e1n de Zaragoza. La rectora destac\u00f3 que el Centro de de Cooperaci\u00f3n Academia Industria ofrece manufactura, como creaci\u00f3n de piezas de autom\u00f3viles o maquinaria, entre otras.<\/p>\n<p class=\"p1\">A la firma de los Convenios Generales en el Marco de la Administraci\u00f3n P\u00fablica-Academia, tambi\u00e9n asistieron representantes de la C\u00e1mara Nacional de la Industria de la Transformaci\u00f3n (CANACINTRA) y de la Confederaci\u00f3n de Trabajadores de M\u00e9xico (CTM).<\/p>\n","protected":false},"excerpt":{"rendered":"<div class=\"mh-excerpt\"><p>El presidente Municipal de Atizap\u00e1n de Zaragoza, Pedro Rodr\u00edguez Villegas, firm\u00f3\u00a0 los Convenios Generales en <a class=\"mh-excerpt-more\" href=\"https:\/\/foro1025.mx\/?p=18132\" title=\"Firma Pedro Rodr\u00edguez convenio con Universidad Tecnol\u00f3gica Fidel Vel\u00e1zquez\">&#8230;<\/a><\/p>\n<\/div>","protected":false},"author":1,"featured_media":0,"comment_status":"closed","ping_status":"closed","sticky":false,"template":"","format":"standard","meta":{"footnotes":""},"categories":[1],"tags":[],"class_list":{"0":"post-18132","1":"post","2":"type-post","3":"status-publish","4":"format-standard","6":"category-atizapan"},"_links":{"self":[{"href":"https:\/\/foro1025.mx\/index.php?rest_route=\/wp\/v2\/posts\/18132","targetHints":{"allow":["GET"]}}],"collection":[{"href":"https:\/\/foro1025.mx\/index.php?rest_route=\/wp\/v2\/posts"}],"about":[{"href":"https:\/\/foro1025.mx\/index.php?rest_route=\/wp\/v2\/types\/post"}],"author":[{"embeddable":true,"href":"https:\/\/foro1025.mx\/index.php?rest_route=\/wp\/v2\/users\/1"}],"replies":[{"embeddable":true,"href":"https:\/\/foro1025.mx\/index.php?rest_route=%2Fwp%2Fv2%2Fcomments&post=18132"}],"version-history":[{"count":1,"href":"https:\/\/foro1025.mx\/index.php?rest_route=\/wp\/v2\/posts\/18132\/revisions"}],"predecessor-version":[{"id":18134,"href":"https:\/\/foro1025.mx\/index.php?rest_route=\/wp\/v2\/posts\/18132\/revisions\/18134"}],"wp:attachment":[{"href":"https:\/\/foro1025.mx\/index.php?rest_route=%2Fwp%2Fv2%2Fmedia&parent=18132"}],"wp:term":[{"taxonomy":"category","embeddable":true,"href":"https:\/\/foro1025.mx\/index.php?rest_route=%2Fwp%2Fv2%2Fcategories&post=18132"},{"taxonomy":"post_tag","embeddable":true,"href":"https:\/\/foro1025.mx\/index.php?rest_route=%2Fwp%2Fv2%2Ftags&post=18132"}],"curies":[{"name":"wp","href":"https:\/\/api.w.org\/{rel}","templated":true}]}}