{"id":1833,"date":"2018-02-26T17:18:59","date_gmt":"2018-02-26T23:18:59","guid":{"rendered":"https:\/\/foro1025.mx\/?p=1833"},"modified":"2018-02-26T17:18:59","modified_gmt":"2018-02-26T23:18:59","slug":"se-renueva-el-gabinete-del-gobierno-municipal-de-tultitlan","status":"publish","type":"post","link":"https:\/\/foro1025.mx\/?p=1833","title":{"rendered":"Se renueva el gabinete del Gobierno Municipal de Tultitl\u00e1n"},"content":{"rendered":"<p class=\"p1\"><i>* Se llev\u00f3 a cabo la toma de protesta de siete direcciones de la actual administraci\u00f3n <\/i><\/p>\n<p class=\"p1\"><b>Tultitl\u00e1n de Mariano Escobedo.-<span class=\"Apple-converted-space\">\u00a0 <\/span><\/b>Con el prop\u00f3sito de tener mayor eficiencia y mejorar la operatividad de algunas dependencias de la actual administraci\u00f3n, el Presidente Municipal Jorge Ad\u00e1n Barr\u00f3n Elizalde tom\u00f3 protesta a 7 titulares de diferentes \u00e1reas del Gobierno Municipal.<\/p>\n<p class=\"p3\"><span class=\"s1\">El alcalde se\u00f1al\u00f3 que <\/span>el compromiso que en estos momentos dichos titulares toman en sus manos, es un reto compartido de responsabilidad y resultados a la ciudadan\u00eda. \u201cHoy tengo la gran oportunidad de refrendar nuestro trabajo por el bien de todos los tultitlenses, queremos <span class=\"s1\">ofrecer un servicio de mayor calidad, as\u00ed como darle una mayor solvencia a los distintos asuntos que se realizan en cada una de las dependencias cuya direcci\u00f3n hoy se renueva<\/span>\u201d.<\/p>\n<p class=\"p1\">De igual manera, Barr\u00f3n Elizalde coment\u00f3 que \u201cel \u00e9xito de un gobierno se basa en la retroalimentaci\u00f3n entre el ciudadano con sus autoridades, por lo que los servidores p\u00fablicos deben estar atentos a las<span class=\"Apple-converted-space\">\u00a0 <\/span>demandas vecinales y m\u00e1s a\u00fan a las respuestas que la poblaci\u00f3n merece y espera de ellos\u201d.<\/p>\n<p class=\"p1\">Entre los nuevos<span class=\"Apple-converted-space\">\u00a0 <\/span>directores que se incorporan al Gobierno Municipal se encuentran: Lic. V\u00edctor Francisco<span class=\"Apple-converted-space\">\u00a0 <\/span>Trejo Cruz<span class=\"Apple-converted-space\">\u00a0 <\/span>quien fungir\u00e1 como Director General del Organismo P\u00fablico<span class=\"Apple-converted-space\">\u00a0 <\/span>Descentralizado para la Protecci\u00f3n de los Servicios de Agua Potable, Alcantarillado y Saneamiento del Municipio de Tultitl\u00e1n (APAST); el C. Erick de Jes\u00fas Romero Santos como Director del Instituto de Cultura F\u00edsica y Deporte de Tultitl\u00e1n (IMCUFIDET); Licda. Ma. De los \u00c1ngeles Hip\u00f3lito Bazald\u00faa como Contralora Municipal; C. Juan Manuel Molina Espa\u00f1a como Director General de Desarrollo Econ\u00f3mico y Medio Ambiente; C. Erick Quiroz Garc\u00eda como Director General de Protecci\u00f3n Civil y Bomberos; Loc. Ver\u00f3nica Santove\u00f1a Arvide Directora de Comunicaci\u00f3n Social y Prensa y C. Mayra Morf\u00edn Ortiz como Directora General de Desarrollo Social.<\/p>\n<p class=\"p1\">Finalmente, el ejecutivo local exhort\u00f3 a los nuevos servidores p\u00fablicos a trabajar con responsabilidad y en equipo por el bienestar de las familias tultitlenses.<\/p>\n<p>&nbsp;<\/p>\n","protected":false},"excerpt":{"rendered":"<div class=\"mh-excerpt\"><p>* Se llev\u00f3 a cabo la toma de protesta de siete direcciones de la actual <a class=\"mh-excerpt-more\" href=\"https:\/\/foro1025.mx\/?p=1833\" title=\"Se renueva el gabinete del Gobierno Municipal de Tultitl\u00e1n\">&#8230;<\/a><\/p>\n<\/div>","protected":false},"author":1,"featured_media":0,"comment_status":"open","ping_status":"open","sticky":false,"template":"","format":"standard","meta":{"footnotes":""},"categories":[10],"tags":[],"class_list":{"0":"post-1833","1":"post","2":"type-post","3":"status-publish","4":"format-standard","6":"category-tultitlan"},"_links":{"self":[{"href":"https:\/\/foro1025.mx\/index.php?rest_route=\/wp\/v2\/posts\/1833","targetHints":{"allow":["GET"]}}],"collection":[{"href":"https:\/\/foro1025.mx\/index.php?rest_route=\/wp\/v2\/posts"}],"about":[{"href":"https:\/\/foro1025.mx\/index.php?rest_route=\/wp\/v2\/types\/post"}],"author":[{"embeddable":true,"href":"https:\/\/foro1025.mx\/index.php?rest_route=\/wp\/v2\/users\/1"}],"replies":[{"embeddable":true,"href":"https:\/\/foro1025.mx\/index.php?rest_route=%2Fwp%2Fv2%2Fcomments&post=1833"}],"version-history":[{"count":1,"href":"https:\/\/foro1025.mx\/index.php?rest_route=\/wp\/v2\/posts\/1833\/revisions"}],"predecessor-version":[{"id":1835,"href":"https:\/\/foro1025.mx\/index.php?rest_route=\/wp\/v2\/posts\/1833\/revisions\/1835"}],"wp:attachment":[{"href":"https:\/\/foro1025.mx\/index.php?rest_route=%2Fwp%2Fv2%2Fmedia&parent=1833"}],"wp:term":[{"taxonomy":"category","embeddable":true,"href":"https:\/\/foro1025.mx\/index.php?rest_route=%2Fwp%2Fv2%2Fcategories&post=1833"},{"taxonomy":"post_tag","embeddable":true,"href":"https:\/\/foro1025.mx\/index.php?rest_route=%2Fwp%2Fv2%2Ftags&post=1833"}],"curies":[{"name":"wp","href":"https:\/\/api.w.org\/{rel}","templated":true}]}}