{"id":185,"date":"2016-04-04T16:09:09","date_gmt":"2016-04-04T21:09:09","guid":{"rendered":"https:\/\/foro1025.mx\/?p=185"},"modified":"2016-04-04T16:09:09","modified_gmt":"2016-04-04T21:09:09","slug":"firma-de-convenio-entre-el-ayuntamiento-con-imevis-y-corett","status":"publish","type":"post","link":"https:\/\/foro1025.mx\/?p=185","title":{"rendered":"Firma de Convenio entre el Ayuntamiento con IMEVIS y CORETT."},"content":{"rendered":"<p id=\"yui_3_16_0_ym18_1_1459785230526_27144\" class=\"yiv6943116298MsoNormal\"><span id=\"yui_3_16_0_ym18_1_1459785230526_27143\" lang=\"ES-TRAD\">El Ayuntamiento de Naucalpan, el\u00a0 Instituto Mexiquense de la Vivienda Social (IMEVIS) y la Comisi\u00f3n para la Regulaci\u00f3n de la Tenencia de la Tierra (CORETT),\u00a0 firmaron un convenio de colaboraci\u00f3n que permitir\u00e1 regularizar la tenencia de la tierra de 7 mil lotes, en beneficio de 35 mil familias.<\/span><\/p>\n<p id=\"yui_3_16_0_ym18_1_1459785230526_27155\" class=\"yiv6943116298MsoNormal\"><span id=\"yui_3_16_0_ym18_1_1459785230526_27154\" lang=\"ES-TRAD\">El Presidente Municipal, Edgar Armando Olvera Higuera, encabez\u00f3 la firma de este convenio que contempla 8 pol\u00edgonos con 230 hect\u00e1reas, ubicadas en el pueblo de San Mateo Nopala.<\/span><\/p>\n<p id=\"yui_3_16_0_ym18_1_1459785230526_27157\" class=\"yiv6943116298MsoNormal\"><span id=\"yui_3_16_0_ym18_1_1459785230526_27156\" lang=\"ES-TRAD\">En el marco de la firma del convenio, en el sal\u00f3n Presidentes,\u00a0 se estableci\u00f3 que, a m\u00e1s tardar, en un a\u00f1o estas familias tendr\u00e1n certeza jur\u00eddica al contar con las escrituras de su patrimonio, despu\u00e9s de m\u00e1s de 15 a\u00f1os de vivir en esta zona y estar en espera de que alg\u00fan gobierno escuchar\u00e1 su demanda hist\u00f3rica sin obtener respuesta, misma que ahora reciben con la administraci\u00f3n de Edgar Armando Olvera Higuera.<\/span><\/p>\n<p id=\"yui_3_16_0_ym18_1_1459785230526_27224\" class=\"yiv6943116298MsoNormal\"><span id=\"yui_3_16_0_ym18_1_1459785230526_27223\" lang=\"ES-TRAD\">Con esta acci\u00f3n, adem\u00e1s se pone en marcha la operaci\u00f3n del Comit\u00e9 de Prevenci\u00f3n de Asentamientos Irregulares en Naucalpan, en el cual participan representantes del gobierno municipal, del IMEVIS y de la CORETT, a fin dar respuesta y atender las demandas ciudadanas en materia de regularizaci\u00f3n de tenencia de la tierra.<\/span><\/p>\n<p id=\"yui_3_16_0_ym18_1_1459785230526_27227\" class=\"yiv6943116298MsoNormal\"><span id=\"yui_3_16_0_ym18_1_1459785230526_27226\" lang=\"ES-TRAD\">El Ayuntamiento proporcionar\u00e1\u00a0 a CORETT la informaci\u00f3n administrativa, jur\u00eddica y t\u00e9cnica vigente, as\u00ed como los permisos y licencias necesarias para iniciar los tr\u00e1mites.<\/span><\/p>\n<p id=\"yui_3_16_0_ym18_1_1459785230526_27229\" class=\"yiv6943116298MsoNormal\"><span id=\"yui_3_16_0_ym18_1_1459785230526_27228\" lang=\"ES-TRAD\">Otro beneficio que obtendr\u00e1n los naucalpenses,\u00a0 con la firma de este convenio,\u00a0 es que se les dar\u00e1 prioridad a los ciudadanos que regularicen predios ante CORETT para que obtengan su traslado de dominio sin costo alguno, as\u00ed como su clave catastral.<\/span><\/p>\n<p id=\"yui_3_16_0_ym18_1_1459785230526_27231\" class=\"yiv6943116298MsoNormal\"><span id=\"yui_3_16_0_ym18_1_1459785230526_27230\" lang=\"ES-TRAD\">En esta firma de Convenio, adem\u00e1s del\u00a0 Presidente Municipal, estuvieron\u00a0 presentes:\u00a0 Patricia Miramontes Ar\u00e9valo, Delegada de la Zona V de Naucalpan, del Instituto Mexiquense de la Vivienda Social (IMEVIS) y, el encargado de la Delegaci\u00f3n de la CORETT en el Estado de M\u00e9xico, Jos\u00e9 Antonio Blancas Fern\u00e1ndez.<\/span><img loading=\"lazy\" decoding=\"async\" class=\"aligncenter size-large wp-image-187\" src=\"https:\/\/foro1025.mx\/wp-content\/uploads\/2016\/04\/Firma-de-Convenio-entre-Ayuntamiento2-1024x575.jpg\" alt=\"Firma de Convenio entre Ayuntamiento2\" width=\"676\" height=\"380\" \/><\/p>\n","protected":false},"excerpt":{"rendered":"<div class=\"mh-excerpt\"><p>El Ayuntamiento de Naucalpan, el\u00a0 Instituto Mexiquense de la Vivienda Social (IMEVIS) y la Comisi\u00f3n <a class=\"mh-excerpt-more\" href=\"https:\/\/foro1025.mx\/?p=185\" title=\"Firma de Convenio entre el Ayuntamiento con IMEVIS y CORETT.\">&#8230;<\/a><\/p>\n<\/div>","protected":false},"author":1,"featured_media":0,"comment_status":"open","ping_status":"open","sticky":false,"template":"","format":"standard","meta":{"footnotes":""},"categories":[8],"tags":[],"class_list":{"0":"post-185","1":"post","2":"type-post","3":"status-publish","4":"format-standard","6":"category-naucalpan"},"_links":{"self":[{"href":"https:\/\/foro1025.mx\/index.php?rest_route=\/wp\/v2\/posts\/185","targetHints":{"allow":["GET"]}}],"collection":[{"href":"https:\/\/foro1025.mx\/index.php?rest_route=\/wp\/v2\/posts"}],"about":[{"href":"https:\/\/foro1025.mx\/index.php?rest_route=\/wp\/v2\/types\/post"}],"author":[{"embeddable":true,"href":"https:\/\/foro1025.mx\/index.php?rest_route=\/wp\/v2\/users\/1"}],"replies":[{"embeddable":true,"href":"https:\/\/foro1025.mx\/index.php?rest_route=%2Fwp%2Fv2%2Fcomments&post=185"}],"version-history":[{"count":1,"href":"https:\/\/foro1025.mx\/index.php?rest_route=\/wp\/v2\/posts\/185\/revisions"}],"predecessor-version":[{"id":188,"href":"https:\/\/foro1025.mx\/index.php?rest_route=\/wp\/v2\/posts\/185\/revisions\/188"}],"wp:attachment":[{"href":"https:\/\/foro1025.mx\/index.php?rest_route=%2Fwp%2Fv2%2Fmedia&parent=185"}],"wp:term":[{"taxonomy":"category","embeddable":true,"href":"https:\/\/foro1025.mx\/index.php?rest_route=%2Fwp%2Fv2%2Fcategories&post=185"},{"taxonomy":"post_tag","embeddable":true,"href":"https:\/\/foro1025.mx\/index.php?rest_route=%2Fwp%2Fv2%2Ftags&post=185"}],"curies":[{"name":"wp","href":"https:\/\/api.w.org\/{rel}","templated":true}]}}