{"id":1880,"date":"2018-05-21T15:56:49","date_gmt":"2018-05-21T20:56:49","guid":{"rendered":"https:\/\/foro1025.mx\/?p=1880"},"modified":"2018-05-21T15:56:49","modified_gmt":"2018-05-21T20:56:49","slug":"alcalde-de-huixquilucan-solicita-licencia-temporal","status":"publish","type":"post","link":"https:\/\/foro1025.mx\/?p=1880","title":{"rendered":"Alcalde de Huixquilucan solicita licencia temporal"},"content":{"rendered":"<p>Se ausentar\u00e1 a partir de este lunes y hasta el 4 de julio.<\/p>\n<div class=\"_2cuy _3dgx\" data-block=\"true\" data-editor=\"42jph\" data-offset-key=\"3i157-0-0\">\n<div class=\"_1mf _1mj\" data-offset-key=\"3i157-0-0\"><span data-offset-key=\"3i157-0-0\">\u00b7 Mar\u00eda Teresa Ram\u00edrez Trujillo es nombrada alcaldesa por Ministerio de Ley<\/span><\/div>\n<\/div>\n<div class=\"_2cuy _3dgx\" data-block=\"true\" data-editor=\"42jph\" data-offset-key=\"53bhh-0-0\">\n<div data-offset-key=\"53bhh-0-0\"><\/div>\n<div class=\"_1mf _1mj\" data-offset-key=\"53bhh-0-0\"><span data-offset-key=\"53bhh-0-0\">El cabido de Huixquilucan, autoriz\u00f3 licencia temporal para ausentarse del cargo como presidente municipal, a Enrique Vargas del Villar. En su lugar se design\u00f3 a Mar\u00eda Teresa Ram\u00edrez Trujillo, como alcaldesa por Ministerio de Ley, hasta el 4 de julio.<\/span><\/div>\n<\/div>\n<div class=\"_2cuy _3dgx\" data-block=\"true\" data-editor=\"42jph\" data-offset-key=\"8ornf-0-0\">\n<div class=\"_1mf _1mj\" data-offset-key=\"8ornf-0-0\"><span data-offset-key=\"8ornf-0-0\">Durante la sexag\u00e9sima novena sesi\u00f3n ordinaria de cabildo, el edil tom\u00f3 protesta a Mar\u00eda Teresa Ram\u00edrez Trujillo como la primera presidenta por Ministerio de Ley en Huixquilucan, por lo que a partir de este lunes,\u00a0ser\u00e1 quien lleve las riendas del municipio hasta que se reincorpore a sus funciones como alcalde.<\/span><\/div>\n<\/div>\n<div class=\"_2cuy _3dgx\" data-block=\"true\" data-editor=\"42jph\" data-offset-key=\"237vd-0-0\">\n<div class=\"_1mf _1mj\" data-offset-key=\"237vd-0-0\"><span data-offset-key=\"237vd-0-0\">De igual manera, se tom\u00f3 protesta a los integrantes de este cuerpo colegiado que asumir\u00e1n los cargos temporales de S\u00edndico, adem\u00e1s de la cuarta, sexta y s\u00e9ptima regidur\u00edas.<\/span><\/div>\n<\/div>\n<div class=\"_2cuy _3dgx\" data-block=\"true\" data-editor=\"42jph\" data-offset-key=\"49uf-0-0\">\n<div class=\"_1mf _1mj\" data-offset-key=\"49uf-0-0\"><span data-offset-key=\"49uf-0-0\">En la sindicatura estar\u00e1 al frente Marisela Rico V\u00e1zquez, como cuarta regidora queda al frente Rosa Elia Reyes Rivera, como sexta regidora estar\u00e1 Abigail Miranda Segura y como s\u00e9ptimo regidor, fungir\u00e1 Juan Antonio Morales V\u00e1zquez.<\/span><\/div>\n<\/div>\n<div class=\"_2cuy _3dgx\" data-block=\"true\" data-editor=\"42jph\" data-offset-key=\"5itml-0-0\">\n<div class=\"_1mf _1mj\" data-offset-key=\"5itml-0-0\"><span data-offset-key=\"5itml-0-0\">Tras tomar protesta a los nuevos ediles, el Alcalde reconoci\u00f3 el trabajo de los integrantes del cabildo que se ausentan temporalmente del cargo y exhort\u00f3 a los nuevos integrantes a seguir trabajando por el bien de Huixquilucan.<\/span><\/div>\n<\/div>\n","protected":false},"excerpt":{"rendered":"<div class=\"mh-excerpt\"><p>Se ausentar\u00e1 a partir de este lunes y hasta el 4 de julio. \u00b7 Mar\u00eda <a class=\"mh-excerpt-more\" href=\"https:\/\/foro1025.mx\/?p=1880\" title=\"Alcalde de Huixquilucan solicita licencia temporal\">&#8230;<\/a><\/p>\n<\/div>","protected":false},"author":1,"featured_media":0,"comment_status":"open","ping_status":"open","sticky":false,"template":"","format":"standard","meta":{"footnotes":""},"categories":[17],"tags":[],"class_list":{"0":"post-1880","1":"post","2":"type-post","3":"status-publish","4":"format-standard","6":"category-huixquilucan"},"_links":{"self":[{"href":"https:\/\/foro1025.mx\/index.php?rest_route=\/wp\/v2\/posts\/1880","targetHints":{"allow":["GET"]}}],"collection":[{"href":"https:\/\/foro1025.mx\/index.php?rest_route=\/wp\/v2\/posts"}],"about":[{"href":"https:\/\/foro1025.mx\/index.php?rest_route=\/wp\/v2\/types\/post"}],"author":[{"embeddable":true,"href":"https:\/\/foro1025.mx\/index.php?rest_route=\/wp\/v2\/users\/1"}],"replies":[{"embeddable":true,"href":"https:\/\/foro1025.mx\/index.php?rest_route=%2Fwp%2Fv2%2Fcomments&post=1880"}],"version-history":[{"count":1,"href":"https:\/\/foro1025.mx\/index.php?rest_route=\/wp\/v2\/posts\/1880\/revisions"}],"predecessor-version":[{"id":1882,"href":"https:\/\/foro1025.mx\/index.php?rest_route=\/wp\/v2\/posts\/1880\/revisions\/1882"}],"wp:attachment":[{"href":"https:\/\/foro1025.mx\/index.php?rest_route=%2Fwp%2Fv2%2Fmedia&parent=1880"}],"wp:term":[{"taxonomy":"category","embeddable":true,"href":"https:\/\/foro1025.mx\/index.php?rest_route=%2Fwp%2Fv2%2Fcategories&post=1880"},{"taxonomy":"post_tag","embeddable":true,"href":"https:\/\/foro1025.mx\/index.php?rest_route=%2Fwp%2Fv2%2Ftags&post=1880"}],"curies":[{"name":"wp","href":"https:\/\/api.w.org\/{rel}","templated":true}]}}