{"id":1902,"date":"2018-05-21T17:29:24","date_gmt":"2018-05-21T22:29:24","guid":{"rendered":"https:\/\/foro1025.mx\/?p=1902"},"modified":"2018-05-21T17:29:24","modified_gmt":"2018-05-21T22:29:24","slug":"cumple-radio-mexiquense-35-anos-de-estar-al-aire","status":"publish","type":"post","link":"https:\/\/foro1025.mx\/?p=1902","title":{"rendered":"Cumple Radio Mexiquense 35 a\u00f1os de estar al aire"},"content":{"rendered":"<p>Metepec.- El gobernador del Estado de M\u00e9xico asisti\u00f3 a la celebraci\u00f3n del 35 aniversario de Radio Mexiquense, e<span class=\"text_exposed_show\">staci\u00f3n que, dijo, ha generado identidad y arraigo en la poblaci\u00f3n de la entidad, adem\u00e1s de consolidarse y posicionarse entre los radioescuchas.<\/span><\/p>\n<div class=\"text_exposed_show\">\n<p>Indic\u00f3 que desde 1983, a\u00f1o en que transmiti\u00f3 por primera ocasi\u00f3n Radio Mexiquense, han sido 35 a\u00f1os de logros y \u00e9xitos, en donde uno de los objetivos primordiales es generar integraci\u00f3n entre los mexiquenses, as\u00ed como transmitir la cultura y tradiciones de la entidad.<\/p>\n<p>Acompa\u00f1ado por el Director General del Sistema de Radio y Televisi\u00f3n Mexiquense, el Gobernador destac\u00f3 que esta estaci\u00f3n es una de las m\u00e1s reconocidas en el Estado de M\u00e9xico, y se\u00f1al\u00f3 que con la unidad m\u00f3vil que estar\u00e1 recorriendo las diferentes regiones de la entidad, este medio de comunicaci\u00f3n crear\u00e1 un v\u00ednculo m\u00e1s cercano con la gente.<\/p>\n<p>Radio Mexiquense cuenta con seis estaciones y dos repetidoras en las diferentes regiones de la entidad, y a lo largo de los a\u00f1os se ha esforzado para modernizarse y hacer uso de las nuevas tecnolog\u00edas, para llegar a un mayor n\u00famero de radioescuchas.<\/p>\n<p><img loading=\"lazy\" decoding=\"async\" class=\"aligncenter size-large wp-image-1904\" src=\"https:\/\/foro1025.mx\/wp-content\/uploads\/2018\/05\/1-1024x728.jpg\" alt=\"\" width=\"1024\" height=\"728\" \/><\/p>\n<p>Actualmente su programaci\u00f3n ya llega en l\u00ednea, a trav\u00e9s de la p\u00e1gina de internet\u00a0<a href=\"https:\/\/l.facebook.com\/l.php?u=http%3A%2F%2Fwww.radioytvmexiquense.mx%2F&amp;h=ATNJxyLgIcpRSwsVtIkJv4Uz5tsAESocWkoGlqeNiUYbpD3gj9dtWwiyQyAcT2SEW7J0NBxSxHrYOUq6sGqFV14Yka3y8EOo6G_julheZ4XmKR74eRwfAlpC3tBDn-BIaQaR-m2hugJugI8\" target=\"_blank\" rel=\"noopener nofollow\" data-ft=\"{&quot;tn&quot;:&quot;-U&quot;}\" data-lynx-mode=\"asynclazy\">http:\/\/www.radioytvmexiquense.mx\/<\/a>\u00a0donde tambi\u00e9n pueden escuchar podcasts de programas anteriores.<\/p>\n<p>Asimismo, este medio de comunicaci\u00f3n se ha caracterizado por mantener informado a los mexiquenses de los acontecimientos que suceden en la entidad, tanto de actividades culturales, pol\u00edticas, deportivas, educativas, entre otras, mediante contenidos de calidad.<\/p>\n<p>Durante su visita a esta estaci\u00f3n de radio, el mandatario estatal form\u00f3 parte del programa \u201cCaja ac\u00fastica\u201d que se transmite por la frecuencia 91.7 de FM, donde platic\u00f3 con los locutores Gabriela Cabral y Carlos Guti\u00e9rrez, acerca de sus gustos musicales y deportes.<\/p>\n<p>Posteriormente, recorri\u00f3 una exposici\u00f3n fotogr\u00e1fica donde est\u00e1 plasmada la historia de esta estaci\u00f3n, y que tambi\u00e9n cuenta con material de algunos de los programas que han formado parte de Radio Mexiquense.<\/p>\n<p>Tambi\u00e9n visit\u00f3 las cabinas de locuci\u00f3n donde platic\u00f3 con Rub\u00e9n Garc\u00eda Castillo, quien conduce el programa \u201cHistorias del m\u00e1s all\u00e1\u201d, adem\u00e1s fue a los estudios de grabaci\u00f3n donde dialog\u00f3 con Juan Manuel Corona, quien est\u00e1 a cargo del emblem\u00e1tico programa \u201cGrillos madrugadores\u201d.<\/p>\n<p>El titular del Ejecutivo estatal felicit\u00f3 a cada uno de quienes forman parte de Radio Mexiquense, ya que son los encargados de mantener informados y brindar entretenimiento a los mexiquenses.<\/p>\n<p><img loading=\"lazy\" decoding=\"async\" class=\"aligncenter size-large wp-image-1905\" src=\"https:\/\/foro1025.mx\/wp-content\/uploads\/2018\/05\/7-1024x687.jpg\" alt=\"\" width=\"1024\" height=\"687\" \/><\/p>\n<\/div>\n","protected":false},"excerpt":{"rendered":"<div class=\"mh-excerpt\"><p>Metepec.- El gobernador del Estado de M\u00e9xico asisti\u00f3 a la celebraci\u00f3n del 35 aniversario de <a class=\"mh-excerpt-more\" href=\"https:\/\/foro1025.mx\/?p=1902\" title=\"Cumple Radio Mexiquense 35 a\u00f1os de estar al aire\">&#8230;<\/a><\/p>\n<\/div>","protected":false},"author":1,"featured_media":0,"comment_status":"open","ping_status":"open","sticky":false,"template":"","format":"standard","meta":{"footnotes":""},"categories":[13],"tags":[],"class_list":{"0":"post-1902","1":"post","2":"type-post","3":"status-publish","4":"format-standard","6":"category-estado-de-mexico"},"_links":{"self":[{"href":"https:\/\/foro1025.mx\/index.php?rest_route=\/wp\/v2\/posts\/1902","targetHints":{"allow":["GET"]}}],"collection":[{"href":"https:\/\/foro1025.mx\/index.php?rest_route=\/wp\/v2\/posts"}],"about":[{"href":"https:\/\/foro1025.mx\/index.php?rest_route=\/wp\/v2\/types\/post"}],"author":[{"embeddable":true,"href":"https:\/\/foro1025.mx\/index.php?rest_route=\/wp\/v2\/users\/1"}],"replies":[{"embeddable":true,"href":"https:\/\/foro1025.mx\/index.php?rest_route=%2Fwp%2Fv2%2Fcomments&post=1902"}],"version-history":[{"count":1,"href":"https:\/\/foro1025.mx\/index.php?rest_route=\/wp\/v2\/posts\/1902\/revisions"}],"predecessor-version":[{"id":1906,"href":"https:\/\/foro1025.mx\/index.php?rest_route=\/wp\/v2\/posts\/1902\/revisions\/1906"}],"wp:attachment":[{"href":"https:\/\/foro1025.mx\/index.php?rest_route=%2Fwp%2Fv2%2Fmedia&parent=1902"}],"wp:term":[{"taxonomy":"category","embeddable":true,"href":"https:\/\/foro1025.mx\/index.php?rest_route=%2Fwp%2Fv2%2Fcategories&post=1902"},{"taxonomy":"post_tag","embeddable":true,"href":"https:\/\/foro1025.mx\/index.php?rest_route=%2Fwp%2Fv2%2Ftags&post=1902"}],"curies":[{"name":"wp","href":"https:\/\/api.w.org\/{rel}","templated":true}]}}