{"id":1908,"date":"2018-05-22T13:38:12","date_gmt":"2018-05-22T18:38:12","guid":{"rendered":"https:\/\/foro1025.mx\/?p=1908"},"modified":"2018-05-22T13:38:12","modified_gmt":"2018-05-22T18:38:12","slug":"recibe-sala-felipe-villanueva-musica-de-rafael-loar-en-acercate-un-miercoles-a-la-cultura","status":"publish","type":"post","link":"https:\/\/foro1025.mx\/?p=1908","title":{"rendered":"RECIBE SALA FELIPE VILLANUEVA M\u00daSICA DE RAFAEL L\u00d3AR EN \u201cAC\u00c9RCATE UN MI\u00c9RCOLES A LA CULTURA\u201d"},"content":{"rendered":"<p class=\"p3\"><i>\u2022 Interpretar\u00e1 algunos de sus \u00e9xitos, adem\u00e1s de temas in\u00e9ditos.<\/i><\/p>\n<p class=\"p3\"><i>\u2022 Invitan este 30 de mayo a las 19:00 horas; la entrada es gratuita.<\/i><\/p>\n<p class=\"p3\"><b>Toluca, Estado de M\u00e9xico, 22 de mayo de 2018.<\/b> Como cada \u00faltimo mi\u00e9rcoles de mes, en el marco del programa \u201cAc\u00e9RcaTE un mi\u00e9rcoles a la cultura\u201d, este 30 de mayo la Sala de Conciertos \u201cFelipe Villanueva\u201d recibir\u00e1 al compositor Rafael L\u00f3ar, quien presentar\u00e1 su repertorio de m\u00fasica contempor\u00e1nea.<\/p>\n<p class=\"p3\">Rafael L\u00f3ar, guitarrista integrante del grupo Elefante, ha compuesto para esta banda \u00e9xitos como \u201cAs\u00ed es la vida\u201d, \u201cMentirosa\u201d y \u201cDurmiendo con la luna\u201d; actualmente prepara una producci\u00f3n como solista que se titular\u00e1 \u201cAl cielo en bicicleta\u201d.<\/p>\n<p class=\"p3\">En esta ocasi\u00f3n deleitar\u00e1 al p\u00fablico mexiquense con temas que han sido un rotundo \u00e9xito y tambi\u00e9n con composiciones de su nueva producci\u00f3n, que sin duda crear\u00e1n una tarde inigualable por medio de sus canciones donde intenta transmitir sentimientos como libertad, esperanza y amor en sus distintas expresiones.<\/p>\n<p class=\"p3\">La entrada es gratuita para todo el que desee pasar una tarde llena de emociones al ritmo de las baladas y guitarra de Rafael L\u00f3ar.<\/p>\n<p class=\"p3\">Para m\u00e1s informaci\u00f3n de \u00e9ste y otros eventos consulta el sitio web de la Secretar\u00eda de Cultura en cultura.edomex.gob.mx.<\/p>\n","protected":false},"excerpt":{"rendered":"<div class=\"mh-excerpt\"><p>\u2022 Interpretar\u00e1 algunos de sus \u00e9xitos, adem\u00e1s de temas in\u00e9ditos. \u2022 Invitan este 30 de <a class=\"mh-excerpt-more\" href=\"https:\/\/foro1025.mx\/?p=1908\" title=\"RECIBE SALA FELIPE VILLANUEVA M\u00daSICA DE RAFAEL L\u00d3AR EN \u201cAC\u00c9RCATE UN MI\u00c9RCOLES A LA CULTURA\u201d\">&#8230;<\/a><\/p>\n<\/div>","protected":false},"author":1,"featured_media":0,"comment_status":"open","ping_status":"open","sticky":false,"template":"","format":"standard","meta":{"footnotes":""},"categories":[20,26,13],"tags":[],"class_list":{"0":"post-1908","1":"post","2":"type-post","3":"status-publish","4":"format-standard","6":"category-cultura","7":"category-espectaculos","8":"category-estado-de-mexico"},"_links":{"self":[{"href":"https:\/\/foro1025.mx\/index.php?rest_route=\/wp\/v2\/posts\/1908","targetHints":{"allow":["GET"]}}],"collection":[{"href":"https:\/\/foro1025.mx\/index.php?rest_route=\/wp\/v2\/posts"}],"about":[{"href":"https:\/\/foro1025.mx\/index.php?rest_route=\/wp\/v2\/types\/post"}],"author":[{"embeddable":true,"href":"https:\/\/foro1025.mx\/index.php?rest_route=\/wp\/v2\/users\/1"}],"replies":[{"embeddable":true,"href":"https:\/\/foro1025.mx\/index.php?rest_route=%2Fwp%2Fv2%2Fcomments&post=1908"}],"version-history":[{"count":1,"href":"https:\/\/foro1025.mx\/index.php?rest_route=\/wp\/v2\/posts\/1908\/revisions"}],"predecessor-version":[{"id":1910,"href":"https:\/\/foro1025.mx\/index.php?rest_route=\/wp\/v2\/posts\/1908\/revisions\/1910"}],"wp:attachment":[{"href":"https:\/\/foro1025.mx\/index.php?rest_route=%2Fwp%2Fv2%2Fmedia&parent=1908"}],"wp:term":[{"taxonomy":"category","embeddable":true,"href":"https:\/\/foro1025.mx\/index.php?rest_route=%2Fwp%2Fv2%2Fcategories&post=1908"},{"taxonomy":"post_tag","embeddable":true,"href":"https:\/\/foro1025.mx\/index.php?rest_route=%2Fwp%2Fv2%2Ftags&post=1908"}],"curies":[{"name":"wp","href":"https:\/\/api.w.org\/{rel}","templated":true}]}}