{"id":193,"date":"2016-04-04T16:16:19","date_gmt":"2016-04-04T21:16:19","guid":{"rendered":"https:\/\/foro1025.mx\/?p=193"},"modified":"2016-04-04T16:17:47","modified_gmt":"2016-04-04T21:17:47","slug":"la-policia-de-tlalnepantla-se-adhiere-al-mando-unico","status":"publish","type":"post","link":"https:\/\/foro1025.mx\/?p=193","title":{"rendered":"La polic\u00eda de Tlalnepantla se adhiere al Mando \u00danico."},"content":{"rendered":"<p id=\"yiv4572244830yui_3_16_0_ym18_1_1459802956658_2478\"><span id=\"yiv4572244830yui_3_16_0_ym18_1_1459802956658_2492\">Con la integraci\u00f3n de Tlalnepantla al Mando \u00danico se busca reforzar el trabajo de la polic\u00eda local al otorgarle el mando al Gobierno estatal y de esta manera dar respuesta a las demandas de la poblaci\u00f3n en materia de seguridad p\u00fablica con acciones coordinadas, asegur\u00f3 la alcaldesa Denisse Ugalde Alegr\u00eda.<\/span><\/p>\n<p id=\"yiv4572244830yui_3_16_0_ym18_1_1459802956658_2494\"><span id=\"yiv4572244830yui_3_16_0_ym18_1_1459802956658_2495\">Durante la sesi\u00f3n de cabildo en la que se aprob\u00f3 por mayor\u00eda la adhesi\u00f3n de este municipio al Mando \u00danico, la alcaldesa explic\u00f3 que darle facultades al gobierno del Estado de M\u00e9xico no significa que se le reste autoridad al gobierno local, \u201cpor el contrario, se subsanan \u00a0carencias que se tienen en cuanto al equipo y atribuciones, porque la realidad es que las polic\u00edas municipales tienen ciertas limitantes\u201d, a\u00f1adi\u00f3.<\/span><\/p>\n<p id=\"yiv4572244830yui_3_16_0_ym18_1_1459802956658_2497\"><span id=\"yiv4572244830yui_3_16_0_ym18_1_1459802956658_2498\">\u201cLa polic\u00eda municipal tiene un origen preventivo y hay algunos delitos que salen de la mano, de su facultad\u201d, afirm\u00f3.<\/span><\/p>\n<p id=\"yiv4572244830yui_3_16_0_ym18_1_1459802956658_2500\"><span id=\"yiv4572244830yui_3_16_0_ym18_1_1459802956658_2501\">Ugalde Alegr\u00eda\u00a0 dijo que \u201chomologar la capacitaci\u00f3n y las percepciones de los polic\u00edas, as\u00ed como una base com\u00fan de tecnolog\u00eda bajo un s\u00f3lo mando, permitir\u00e1 dar respuesta a la poblaci\u00f3n con una sola llamada. La coordinaci\u00f3n ser\u00e1 de acci\u00f3n inmediata para actuar en contra de la delincuencia\u201d.<\/span><\/p>\n<p id=\"yiv4572244830yui_3_16_0_ym18_1_1459802956658_2503\"><span id=\"yiv4572244830yui_3_16_0_ym18_1_1459802956658_2504\">La adhesi\u00f3n al Mando \u00danico, reiter\u00f3 la alcaldesa,\u00a0 significa que ahora quien lleva el mando es la Comisi\u00f3n Estatal de Seguridad Ciudadana (CES) sin que el patrimonio municipal se vea afectado.<\/span><\/p>\n<p id=\"yiv4572244830yui_3_16_0_ym18_1_1459802956658_2506\"><span id=\"yiv4572244830yui_3_16_0_ym18_1_1459802956658_2507\">Lo fundamental, dijo, es la coordinaci\u00f3n de acciones para evitar dispersi\u00f3n de esfuerzos y sobre todo acceder a todo tipo de recursos, desde tecnol\u00f3gicos hasta los de equipamiento e inteligencia policial, as\u00ed como mejorar las condiciones laborales de los elementos, evaluar el desempe\u00f1o e integrar a la ciudadan\u00eda a participar activamente en el combate a la delincuencia.<img loading=\"lazy\" decoding=\"async\" class=\"aligncenter size-large wp-image-194\" src=\"https:\/\/foro1025.mx\/wp-content\/uploads\/2016\/04\/tla-1024x594.jpg\" alt=\"tla\" width=\"676\" height=\"392\" \/><\/span><\/p>\n","protected":false},"excerpt":{"rendered":"<div class=\"mh-excerpt\"><p>Con la integraci\u00f3n de Tlalnepantla al Mando \u00danico se busca reforzar el trabajo de la <a class=\"mh-excerpt-more\" href=\"https:\/\/foro1025.mx\/?p=193\" title=\"La polic\u00eda de Tlalnepantla se adhiere al Mando \u00danico.\">&#8230;<\/a><\/p>\n<\/div>","protected":false},"author":1,"featured_media":0,"comment_status":"open","ping_status":"open","sticky":false,"template":"","format":"standard","meta":{"footnotes":""},"categories":[16],"tags":[],"class_list":{"0":"post-193","1":"post","2":"type-post","3":"status-publish","4":"format-standard","6":"category-tlalnepantla"},"_links":{"self":[{"href":"https:\/\/foro1025.mx\/index.php?rest_route=\/wp\/v2\/posts\/193","targetHints":{"allow":["GET"]}}],"collection":[{"href":"https:\/\/foro1025.mx\/index.php?rest_route=\/wp\/v2\/posts"}],"about":[{"href":"https:\/\/foro1025.mx\/index.php?rest_route=\/wp\/v2\/types\/post"}],"author":[{"embeddable":true,"href":"https:\/\/foro1025.mx\/index.php?rest_route=\/wp\/v2\/users\/1"}],"replies":[{"embeddable":true,"href":"https:\/\/foro1025.mx\/index.php?rest_route=%2Fwp%2Fv2%2Fcomments&post=193"}],"version-history":[{"count":2,"href":"https:\/\/foro1025.mx\/index.php?rest_route=\/wp\/v2\/posts\/193\/revisions"}],"predecessor-version":[{"id":197,"href":"https:\/\/foro1025.mx\/index.php?rest_route=\/wp\/v2\/posts\/193\/revisions\/197"}],"wp:attachment":[{"href":"https:\/\/foro1025.mx\/index.php?rest_route=%2Fwp%2Fv2%2Fmedia&parent=193"}],"wp:term":[{"taxonomy":"category","embeddable":true,"href":"https:\/\/foro1025.mx\/index.php?rest_route=%2Fwp%2Fv2%2Fcategories&post=193"},{"taxonomy":"post_tag","embeddable":true,"href":"https:\/\/foro1025.mx\/index.php?rest_route=%2Fwp%2Fv2%2Ftags&post=193"}],"curies":[{"name":"wp","href":"https:\/\/api.w.org\/{rel}","templated":true}]}}