{"id":2073,"date":"2018-05-25T18:32:05","date_gmt":"2018-05-25T23:32:05","guid":{"rendered":"https:\/\/foro1025.mx\/?p=2073"},"modified":"2018-05-25T18:32:05","modified_gmt":"2018-05-25T23:32:05","slug":"acompanada-de-ricardo-anaya-ana-balderas-inicia-campana-a-la-presidencia-de-atizapan","status":"publish","type":"post","link":"https:\/\/foro1025.mx\/?p=2073","title":{"rendered":"Acompa\u00f1ada de Ricardo Anaya, Ana Balderas inicia campa\u00f1a a la presidencia de Atizap\u00e1n"},"content":{"rendered":"<div class=\"_2cuy _3dgx\" data-block=\"true\" data-editor=\"2qumh\" data-offset-key=\"4ad93-0-0\">\n<div class=\"_1mf _1mj\" data-offset-key=\"4ad93-0-0\"><em><strong>Por Victoria Segura<\/strong><\/em><\/div>\n<div data-offset-key=\"4ad93-0-0\"><\/div>\n<\/div>\n<div class=\"_2cuy _3dgx\" data-block=\"true\" data-editor=\"2qumh\" data-offset-key=\"e6n9l-0-0\">\n<div class=\"_1mf _1mj\" data-offset-key=\"e6n9l-0-0\"><strong>Atizap\u00e1n de Zaragoza, Estado de M\u00e9xico, <\/strong><span data-offset-key=\"e6n9l-0-1\">Acompa\u00f1ada por Ricardo Anaya Cort\u00e9s, candidato de Acci\u00f3n Nacional a la presidencia de la rep\u00fablica y ante miles de personas que se dieron cita en la explanada del Palacio Municipal, Ana Balderas Trejo, candidata a la alcald\u00eda de Atizap\u00e1n, dio inici\u00f3 a su arranque de campa\u00f1a con el objetivo de mejorar la calidad de vida de los atizapenses.<\/span><\/div>\n<\/div>\n<div class=\"_2cuy _3dgx\" data-block=\"true\" data-editor=\"2qumh\" data-offset-key=\"6nhjj-0-0\">\n<div class=\"_1mf _1mj\" data-offset-key=\"6nhjj-0-0\"><span data-offset-key=\"6nhjj-0-0\">En un ambiente de j\u00fabilo, trabajo y compromiso, militantes, simpatizantes y ciudadanos en general, abarrotaron la plaza c\u00edvica como se\u00f1al de apoyo a los candidatos de la Coalici\u00f3n Por M\u00e9xico al Frente (PAN, PRD y Movimiento Ciudadano).<\/span><\/div>\n<\/div>\n<p><img loading=\"lazy\" decoding=\"async\" class=\"aligncenter size-large wp-image-2074\" src=\"https:\/\/foro1025.mx\/wp-content\/uploads\/2018\/05\/ok_MG_0065-1024x683.jpg\" alt=\"\" width=\"1024\" height=\"683\" \/><\/p>\n<p>&nbsp;<\/p>\n<p>Al hacer uso de la palabra, Ana Balderas mencion\u00f3 que \u201cDesde aqu\u00ed mandamos un mensaje, Atizap\u00e1n es del PAN, as\u00ed que no nos vengan a enga\u00f1ar otros partidos con dar soluci\u00f3n a necesidades que no conocen. Recorreremos calle por calle, colonia por colonia y rinc\u00f3n por rinc\u00f3n para presentar nuestras propuestas a los ciudadanos y convencerlos que el Frente por M\u00e9xico es la mejor opci\u00f3n\u201d.<\/p>\n<div class=\"_2cuy _3dgx\" data-block=\"true\" data-editor=\"2qumh\" data-offset-key=\"9d6p5-0-0\">\n<div class=\"_1mf _1mj\" data-offset-key=\"9d6p5-0-0\"><span data-offset-key=\"9d6p5-0-0\">Por su parte, el candidato a la presidencia de M\u00e9xico, Ricardo Anaya, se\u00f1al\u00f3 que una vez que Acci\u00f3n Nacional gane la contienda electoral el primero de julio, su compromiso ser\u00e1 apoyar en todo momento al municipio de Atizap\u00e1n en temas de educaci\u00f3n, salud, adultos, mayores y j\u00f3venes, entre otras.<\/span><\/div>\n<\/div>\n<div class=\"_2cuy _3dgx\" data-block=\"true\" data-editor=\"2qumh\" data-offset-key=\"1fdnc-0-0\">\n<div class=\"_1mf _1mj\" data-offset-key=\"1fdnc-0-0\"><span data-offset-key=\"1fdnc-0-0\">\u201cEste primero de julio a punta de votos derrotaremos a Andr\u00e9s Manuel L\u00f3pez Obrador. Vamos a hacer un programa especial de atenci\u00f3n total para la gente que tiene diabetes, brindaremos insulina y garantizaremos atenci\u00f3n total y todos los requerimientos para los pacientes diab\u00e9ticos\u201d, destac\u00f3.<\/span><\/div>\n<\/div>\n<div class=\"_2cuy _3dgx\" data-block=\"true\" data-editor=\"2qumh\" data-offset-key=\"9rsc8-0-0\">\n<div class=\"_1mf _1mj\" data-offset-key=\"9rsc8-0-0\"><span data-offset-key=\"9rsc8-0-0\">Asimismo, reconoci\u00f3 el liderazgo y los grandes resultados alcanzados por Ana Balderas e invit\u00f3 a los asistentes a entregar alma, coraz\u00f3n y vida para lograr el cambio profundo que nuestro pa\u00eds necesita para llevar a los candidatos del Frente por M\u00e9xico hasta la victoria.<\/span><\/div>\n<\/div>\n<div data-offset-key=\"9rsc8-0-0\"><\/div>\n<div data-offset-key=\"9rsc8-0-0\"><img loading=\"lazy\" decoding=\"async\" class=\"aligncenter size-large wp-image-2076\" src=\"https:\/\/foro1025.mx\/wp-content\/uploads\/2018\/05\/IMG_7767-1024x683.jpg\" alt=\"\" width=\"1024\" height=\"683\" \/><\/div>\n<div data-offset-key=\"9rsc8-0-0\"><\/div>\n<div data-offset-key=\"9rsc8-0-0\"><\/div>\n<div class=\"_2cuy _3dgx\" data-block=\"true\" data-editor=\"2qumh\" data-offset-key=\"d8qo3-0-0\">\n<div class=\"_1mf _1mj\" data-offset-key=\"d8qo3-0-0\"><span data-offset-key=\"d8qo3-0-0\">En el evento se cont\u00f3 con la presencia de V\u00edctor Hugo Sond\u00f3n, presidente del Comit\u00e9 Estatal de Acci\u00f3n Nacional; Edgar Olvera, Luis Luna, Nelyda Moci\u00f1os y Anuar Azar Figueroa, candidatos a diputados federales; Mar\u00eda Fernanda Rivera, candidata a senadora; Ingrid <\/span><span data-offset-key=\"d8qo3-0-1\">Ingrid<\/span><span data-offset-key=\"d8qo3-0-2\">\u00a0Krasopani\u00a0<\/span><span data-offset-key=\"d8qo3-0-3\">Schemelensk<\/span><span data-offset-key=\"d8qo3-0-4\"> y Rom\u00e1n Cort\u00e9s, candidatos a diputados locales, quienes manifestaron en todo momento su total respaldo a Ana Balderas.<\/span><\/div>\n<\/div>\n","protected":false},"excerpt":{"rendered":"<div class=\"mh-excerpt\"><p>Por Victoria Segura Atizap\u00e1n de Zaragoza, Estado de M\u00e9xico, Acompa\u00f1ada por Ricardo Anaya Cort\u00e9s, candidato <a class=\"mh-excerpt-more\" href=\"https:\/\/foro1025.mx\/?p=2073\" title=\"Acompa\u00f1ada de Ricardo Anaya, Ana Balderas inicia campa\u00f1a a la presidencia de Atizap\u00e1n\">&#8230;<\/a><\/p>\n<\/div>","protected":false},"author":1,"featured_media":0,"comment_status":"open","ping_status":"open","sticky":false,"template":"","format":"standard","meta":{"footnotes":""},"categories":[1],"tags":[],"class_list":{"0":"post-2073","1":"post","2":"type-post","3":"status-publish","4":"format-standard","6":"category-atizapan"},"_links":{"self":[{"href":"https:\/\/foro1025.mx\/index.php?rest_route=\/wp\/v2\/posts\/2073","targetHints":{"allow":["GET"]}}],"collection":[{"href":"https:\/\/foro1025.mx\/index.php?rest_route=\/wp\/v2\/posts"}],"about":[{"href":"https:\/\/foro1025.mx\/index.php?rest_route=\/wp\/v2\/types\/post"}],"author":[{"embeddable":true,"href":"https:\/\/foro1025.mx\/index.php?rest_route=\/wp\/v2\/users\/1"}],"replies":[{"embeddable":true,"href":"https:\/\/foro1025.mx\/index.php?rest_route=%2Fwp%2Fv2%2Fcomments&post=2073"}],"version-history":[{"count":1,"href":"https:\/\/foro1025.mx\/index.php?rest_route=\/wp\/v2\/posts\/2073\/revisions"}],"predecessor-version":[{"id":2077,"href":"https:\/\/foro1025.mx\/index.php?rest_route=\/wp\/v2\/posts\/2073\/revisions\/2077"}],"wp:attachment":[{"href":"https:\/\/foro1025.mx\/index.php?rest_route=%2Fwp%2Fv2%2Fmedia&parent=2073"}],"wp:term":[{"taxonomy":"category","embeddable":true,"href":"https:\/\/foro1025.mx\/index.php?rest_route=%2Fwp%2Fv2%2Fcategories&post=2073"},{"taxonomy":"post_tag","embeddable":true,"href":"https:\/\/foro1025.mx\/index.php?rest_route=%2Fwp%2Fv2%2Ftags&post=2073"}],"curies":[{"name":"wp","href":"https:\/\/api.w.org\/{rel}","templated":true}]}}