{"id":21300,"date":"2022-09-30T19:47:06","date_gmt":"2022-10-01T00:47:06","guid":{"rendered":"https:\/\/foro1025.mx\/?p=21300"},"modified":"2022-10-03T19:49:00","modified_gmt":"2022-10-04T00:49:00","slug":"se-capacitan-en-perspectiva-de-genero-servidores-publicos-de-cuautitlan","status":"publish","type":"post","link":"https:\/\/foro1025.mx\/?p=21300","title":{"rendered":"Se capacitan en perspectiva de g\u00e9nero servidores p\u00fablicos de Cuautitl\u00e1n"},"content":{"rendered":"<p class=\"p1\">\n<ul class=\"ul1\">\n<li class=\"li2\"><b>El presidente municipal Aldo Ledezma Reyna, destac\u00f3 la importancia de la capacitaci\u00f3n en perspectiva de g\u00e9nero para los servidores p\u00fablicos.<\/b><\/li>\n<\/ul>\n<p class=\"p4\">Durante el taller de Capacitaci\u00f3n en Materia de Atenci\u00f3n para V\u00edctimas de Violencia de G\u00e9nero, dirigido a servidores p\u00fablicos de Cuautitl\u00e1n, el presidente municipal Aldo Ledezma Reyna y la presidenta del Sistema Municipal DIF Brenda Aguilar coincidieron en se\u00f1alar la importancia de recibir toda la informaci\u00f3n que permita cambiar las condiciones de la sociedad y lograr una igualdad en todos los sentidos.<\/p>\n<p class=\"p4\">En este ejercicio de sensibilizaci\u00f3n Ledezma Reyna recalc\u00f3 que en el municipio no hay alerta de g\u00e9nero, sin embargo, dijo que no se est\u00e1 exento de que ocurran hechos de violencia contra la mujer por lo que, esta iniciativa de capacitaci\u00f3n se acompa\u00f1a con acciones concretas para su atenci\u00f3n.<\/p>\n<p class=\"p4\">Se\u00f1al\u00f3 que en el municipio se han encaminado las pol\u00edticas p\u00fablicas integrales, donde se trabaja y se da atenci\u00f3n a las mujeres, a la comunidad LGBTTTIQ y para erradicar la violencia infantil entre otros temas, adem\u00e1s de la rehabilitaci\u00f3n y equipamiento de los 4 M\u00f3dulos de Reacci\u00f3n Inmediata como Puntos Seguros, para que las personas que fueron violentadas puedan resguardarse.<\/p>\n<p class=\"p4\">Contando con la presencia de los integrantes del cabildo, directores de \u00e1rea, coordinadores y personal administrativo del ayuntamiento y del sistema Municipal DIF, la capacitaci\u00f3n fue impartida por la Secretar\u00eda de las Mujeres del Estado de M\u00e9xico, con la Direcci\u00f3n General de Perspectiva de G\u00e9nero y a trav\u00e9s de la subdirecci\u00f3n de profesionalizaci\u00f3n en 5 temas: Conceptualizaci\u00f3n, Desigualdades y Violencias, Igualdad de G\u00e9nero; Masculinidades y Primeros Auxilios Psicol\u00f3gicos.<\/p>\n<p class=\"p4\">El ponente, Jorge Luis Rojas al t\u00e9rmino de la pl\u00e1tica present\u00f3 algunas de las herramientas te\u00f3rico-metodol\u00f3gicas para poder atender alguna situaci\u00f3n de violencia, donde cualquier persona puede ser el primer respondiente, acciones que permiten dar una soluci\u00f3n puntual al tema.<\/p>\n<p class=\"p4\">Estas herramientas que est\u00e1n encaminadas a sensibilizar a los servidores p\u00fablicos, se enfocan para que las personas puedan dar la atenci\u00f3n necesaria para orientar y acompa\u00f1ar a otra que haya sido v\u00edctima de alg\u00fan tipo de violencia de g\u00e9nero.<\/p>\n","protected":false},"excerpt":{"rendered":"<div class=\"mh-excerpt\"><p>El presidente municipal Aldo Ledezma Reyna, destac\u00f3 la importancia de la capacitaci\u00f3n en perspectiva de <a class=\"mh-excerpt-more\" href=\"https:\/\/foro1025.mx\/?p=21300\" title=\"Se capacitan en perspectiva de g\u00e9nero servidores p\u00fablicos de Cuautitl\u00e1n\">&#8230;<\/a><\/p>\n<\/div>","protected":false},"author":1,"featured_media":0,"comment_status":"closed","ping_status":"closed","sticky":false,"template":"","format":"standard","meta":{"footnotes":""},"categories":[40],"tags":[],"class_list":{"0":"post-21300","1":"post","2":"type-post","3":"status-publish","4":"format-standard","6":"category-cuautitlan-mexico"},"_links":{"self":[{"href":"https:\/\/foro1025.mx\/index.php?rest_route=\/wp\/v2\/posts\/21300","targetHints":{"allow":["GET"]}}],"collection":[{"href":"https:\/\/foro1025.mx\/index.php?rest_route=\/wp\/v2\/posts"}],"about":[{"href":"https:\/\/foro1025.mx\/index.php?rest_route=\/wp\/v2\/types\/post"}],"author":[{"embeddable":true,"href":"https:\/\/foro1025.mx\/index.php?rest_route=\/wp\/v2\/users\/1"}],"replies":[{"embeddable":true,"href":"https:\/\/foro1025.mx\/index.php?rest_route=%2Fwp%2Fv2%2Fcomments&post=21300"}],"version-history":[{"count":1,"href":"https:\/\/foro1025.mx\/index.php?rest_route=\/wp\/v2\/posts\/21300\/revisions"}],"predecessor-version":[{"id":21302,"href":"https:\/\/foro1025.mx\/index.php?rest_route=\/wp\/v2\/posts\/21300\/revisions\/21302"}],"wp:attachment":[{"href":"https:\/\/foro1025.mx\/index.php?rest_route=%2Fwp%2Fv2%2Fmedia&parent=21300"}],"wp:term":[{"taxonomy":"category","embeddable":true,"href":"https:\/\/foro1025.mx\/index.php?rest_route=%2Fwp%2Fv2%2Fcategories&post=21300"},{"taxonomy":"post_tag","embeddable":true,"href":"https:\/\/foro1025.mx\/index.php?rest_route=%2Fwp%2Fv2%2Ftags&post=21300"}],"curies":[{"name":"wp","href":"https:\/\/api.w.org\/{rel}","templated":true}]}}