{"id":2154,"date":"2018-06-04T17:20:36","date_gmt":"2018-06-04T22:20:36","guid":{"rendered":"https:\/\/foro1025.mx\/?p=2154"},"modified":"2018-06-04T17:20:45","modified_gmt":"2018-06-04T22:20:45","slug":"detienen-en-ecatepec-presunto-ladron-de-autos","status":"publish","type":"post","link":"https:\/\/foro1025.mx\/?p=2154","title":{"rendered":"Detienen en Ecatepec presunto ladr\u00f3n de autos"},"content":{"rendered":"<p class=\"p5\"><b>Ecatepec, Estado de M\u00e9xico.-<\/b> En el marco de un operativo implementado por personal de la Secretar\u00eda de Seguridad (SS), fue detenida una persona que manejaba un veh\u00edculo con reporte de robo.<\/p>\n<p class=\"p5\">Como parte de la Estrategia Integral de Seguridad del Estado de M\u00e9xico, se realizan operativos que consisten en recorridos<span class=\"Apple-converted-space\">\u00a0 <\/span>constantes en zonas habitacionales de las colonias con mayor \u00edndice delictivo, por lo que a la altura de la avenida Jardines de Morelos, esquina con la calle Ignacio Allende, se detuvo a Jos\u00e9 \u201cN\u201d, de 46 a\u00f1os de edad.<\/p>\n<p class=\"p5\">El imputado conduc\u00eda de manera zigzagueante un veh\u00edculo de Nissan, tipo Tsuru, color blanco con matr\u00edcula del Estado de M\u00e9xico.<\/p>\n<p class=\"p5\">Debido a esa conducci\u00f3n errante, los Polic\u00edas Estatales le indicaron al conductor que detuviera la marcha para realizar una revisi\u00f3n preventiva.<\/p>\n<p class=\"p5\">Los efectivos de la SS corroboraron el estatus legal de la unidad con la Agencia Especializada contra Robo de Veh\u00edculos y se descubri\u00f3 que el automotor contaba con un reporte de robo, con fecha del 19 de mayo pasado.<\/p>\n<p class=\"p5\">El veh\u00edculo y el detenido fueron<span class=\"Apple-converted-space\">\u00a0 <\/span>trasladados a la Agencia del Ministerio P\u00fablico del municipio de Ecatepec, donde se inici\u00f3 carpeta de investigaci\u00f3n por el delito de encubrimiento por receptaci\u00f3n.<\/p>\n<p class=\"p5\">La Secretar\u00eda de Seguridad le recuerda que los tel\u00e9fonos de Denuncia An\u00f3nima 0-8-9 y de emergencia 9-1-1 trabajan las 24 horas del d\u00eda; tambi\u00e9n puede contactarnos a trav\u00e9s de nuestras redes sociales: Facebook @SS.Edomex, y en Twitter @ SS_Edomex<\/p>\n<p class=\"p5\">\n","protected":false},"excerpt":{"rendered":"<div class=\"mh-excerpt\"><p>Ecatepec, Estado de M\u00e9xico.- En el marco de un operativo implementado por personal de la <a class=\"mh-excerpt-more\" href=\"https:\/\/foro1025.mx\/?p=2154\" title=\"Detienen en Ecatepec presunto ladr\u00f3n de autos\">&#8230;<\/a><\/p>\n<\/div>","protected":false},"author":1,"featured_media":0,"comment_status":"open","ping_status":"open","sticky":false,"template":"","format":"standard","meta":{"footnotes":""},"categories":[11,9],"tags":[],"class_list":{"0":"post-2154","1":"post","2":"type-post","3":"status-publish","4":"format-standard","6":"category-ecatepec","7":"category-seguridad"},"_links":{"self":[{"href":"https:\/\/foro1025.mx\/index.php?rest_route=\/wp\/v2\/posts\/2154","targetHints":{"allow":["GET"]}}],"collection":[{"href":"https:\/\/foro1025.mx\/index.php?rest_route=\/wp\/v2\/posts"}],"about":[{"href":"https:\/\/foro1025.mx\/index.php?rest_route=\/wp\/v2\/types\/post"}],"author":[{"embeddable":true,"href":"https:\/\/foro1025.mx\/index.php?rest_route=\/wp\/v2\/users\/1"}],"replies":[{"embeddable":true,"href":"https:\/\/foro1025.mx\/index.php?rest_route=%2Fwp%2Fv2%2Fcomments&post=2154"}],"version-history":[{"count":2,"href":"https:\/\/foro1025.mx\/index.php?rest_route=\/wp\/v2\/posts\/2154\/revisions"}],"predecessor-version":[{"id":2157,"href":"https:\/\/foro1025.mx\/index.php?rest_route=\/wp\/v2\/posts\/2154\/revisions\/2157"}],"wp:attachment":[{"href":"https:\/\/foro1025.mx\/index.php?rest_route=%2Fwp%2Fv2%2Fmedia&parent=2154"}],"wp:term":[{"taxonomy":"category","embeddable":true,"href":"https:\/\/foro1025.mx\/index.php?rest_route=%2Fwp%2Fv2%2Fcategories&post=2154"},{"taxonomy":"post_tag","embeddable":true,"href":"https:\/\/foro1025.mx\/index.php?rest_route=%2Fwp%2Fv2%2Ftags&post=2154"}],"curies":[{"name":"wp","href":"https:\/\/api.w.org\/{rel}","templated":true}]}}