{"id":22019,"date":"2022-11-01T22:12:09","date_gmt":"2022-11-02T04:12:09","guid":{"rendered":"https:\/\/foro1025.mx\/?p=22019"},"modified":"2022-11-09T22:14:56","modified_gmt":"2022-11-10T04:14:56","slug":"inauguran-bazar-juvenil-zombie-en-la-explanada-municipal","status":"publish","type":"post","link":"https:\/\/foro1025.mx\/?p=22019","title":{"rendered":"Inauguran Bazar Juvenil Zombie en la explanada municipal"},"content":{"rendered":"<p class=\"p1\"><em>-M\u00e1s de 150 emprendedores ofrecen sus productos en Bazar<\/em><\/p>\n<p class=\"p1\">Con el objetivo de continuar aperturando espacios de apoyo a los j\u00f3venes de entre 12 y 29 a\u00f1os en materia de emprendimiento y en beneficio al comercio local, el Gobierno Municipal a trav\u00e9s del Instituto Municipal de la Juventud (IMJUCI) inaugur\u00f3 la tercera edici\u00f3n del Bazar Juvenil Zombie en la Explanada Municipal, el cual se llevar\u00e1 a cabo hasta el mi\u00e9rcoles 2 de noviembre.<\/p>\n<p class=\"p1\">La presidenta municipal, Karla Fiesco Garc\u00eda agradeci\u00f3 al titular del Instituto por organizar estos bazares que le permiten a la juventud izcallense seguir creciendo. \u201cEstaremos trabajando en cada proyecto para que sigan desarroll\u00e1ndose en su emprendimiento, muestren sus productos y vendan mucho\u201d, dijo.<\/p>\n<p class=\"p1\">M\u00e1s de 150 emprendedores estar\u00e1n estos d\u00edas ofreciendo sus productos en las categor\u00edas de alimentos, accesorios, artesan\u00edas, ropa y calzado, tecnolog\u00eda, hogar, mascotas, segunda mano, juguetes y papeler\u00eda.<\/p>\n<p class=\"p1\">De igual manera, el titular del IMJUCI, Luis Felipe de Jes\u00fas Huitr\u00f3n Gonz\u00e1lez mencion\u00f3 que tienen como objetivo apoyar e impulsar a los j\u00f3venes emprendedores y seguir buscando espacios para que ofrezcan sus productos.<\/p>\n<p class=\"p1\">C\u00f3mo parte de esta actividad, la alcaldesa y el director del Instituto encabezaron el concurso de disfraces que se llev\u00f3 a cabo en el mismo espacio, en el que se cont\u00f3 con desfile de catrinas, personajes animados y de pel\u00edculas de terror, as\u00ed como momias y fantasmas, premiando a los primeros tres lugares en las categor\u00edas infantil y juvenil, respectivamente.<\/p>\n<p class=\"p1\">Finalmente, coment\u00f3 que estos tres d\u00edas de Bazar Juvenil se tendr\u00e1n bandas tocando en vivo, esculturas sobre hielo y en punto de las 7:00 pm se cerrar\u00e1 con cine de terror.<\/p>\n<p class=\"p1\">A la inauguraci\u00f3n tambi\u00e9n asistieron la tercera regidora, Stephany Moreno Rojas; el cuarto regidor, Dar\u00edo Arregu\u00edn G\u00f3mez; la quinta regidora, Silvia Yaremi Nava Gonz\u00e1lez; el sexto regidor, Jos\u00e9 Antonio Luna Flores; la d\u00e9cimo primera regidora, Adali Magali Mu\u00f1oz Zapata; el l\u00edder emprendedor de Cuautitianguis, Iv\u00e1n Farid Kuri Cort\u00e9s; as\u00ed como distintos emprendedores entre ellos por parte de la FES Cuautitl\u00e1n Campo 1 y Campo 4, \u201cCuautitianguis\u201d.<\/p>\n","protected":false},"excerpt":{"rendered":"<div class=\"mh-excerpt\"><p>-M\u00e1s de 150 emprendedores ofrecen sus productos en Bazar Con el objetivo de continuar aperturando <a class=\"mh-excerpt-more\" href=\"https:\/\/foro1025.mx\/?p=22019\" title=\"Inauguran Bazar Juvenil Zombie en la explanada municipal\">&#8230;<\/a><\/p>\n<\/div>","protected":false},"author":1,"featured_media":0,"comment_status":"closed","ping_status":"closed","sticky":false,"template":"","format":"standard","meta":{"footnotes":""},"categories":[29],"tags":[],"class_list":{"0":"post-22019","1":"post","2":"type-post","3":"status-publish","4":"format-standard","6":"category-cuautitlan-izcalli"},"_links":{"self":[{"href":"https:\/\/foro1025.mx\/index.php?rest_route=\/wp\/v2\/posts\/22019","targetHints":{"allow":["GET"]}}],"collection":[{"href":"https:\/\/foro1025.mx\/index.php?rest_route=\/wp\/v2\/posts"}],"about":[{"href":"https:\/\/foro1025.mx\/index.php?rest_route=\/wp\/v2\/types\/post"}],"author":[{"embeddable":true,"href":"https:\/\/foro1025.mx\/index.php?rest_route=\/wp\/v2\/users\/1"}],"replies":[{"embeddable":true,"href":"https:\/\/foro1025.mx\/index.php?rest_route=%2Fwp%2Fv2%2Fcomments&post=22019"}],"version-history":[{"count":1,"href":"https:\/\/foro1025.mx\/index.php?rest_route=\/wp\/v2\/posts\/22019\/revisions"}],"predecessor-version":[{"id":22021,"href":"https:\/\/foro1025.mx\/index.php?rest_route=\/wp\/v2\/posts\/22019\/revisions\/22021"}],"wp:attachment":[{"href":"https:\/\/foro1025.mx\/index.php?rest_route=%2Fwp%2Fv2%2Fmedia&parent=22019"}],"wp:term":[{"taxonomy":"category","embeddable":true,"href":"https:\/\/foro1025.mx\/index.php?rest_route=%2Fwp%2Fv2%2Fcategories&post=22019"},{"taxonomy":"post_tag","embeddable":true,"href":"https:\/\/foro1025.mx\/index.php?rest_route=%2Fwp%2Fv2%2Ftags&post=22019"}],"curies":[{"name":"wp","href":"https:\/\/api.w.org\/{rel}","templated":true}]}}