{"id":22103,"date":"2022-11-01T13:33:01","date_gmt":"2022-11-01T19:33:01","guid":{"rendered":"https:\/\/foro1025.mx\/?p=22103"},"modified":"2022-11-10T13:35:45","modified_gmt":"2022-11-10T19:35:45","slug":"gobierno-de-tlalnepantla-capacita-a-embajadoras-de-la-red-naranja-para-impulsar-la-cultura-de-la-denuncia","status":"publish","type":"post","link":"https:\/\/foro1025.mx\/?p=22103","title":{"rendered":"Gobierno de Tlalnepantla capacita a embajadoras de la Red Naranja para impulsar la cultura de la denuncia"},"content":{"rendered":"<p class=\"p3\"><em>\u25cf En reuni\u00f3n de trabajo, las tlalnepantlenses fueron part\u00edcipes de la ponencia de la Coordinadora del Mecanismo para la Protecci\u00f3n de Periodistas y Personas Defensoras de los Derechos Humanos<\/em><\/p>\n<p class=\"p3\"><em>\u25cf Disminuir la violencia de g\u00e9nero, uno de los retos de la Administraci\u00f3n 2022-2024<\/em><\/p>\n<p class=\"p3\">Comprometido con la prevenci\u00f3n y atenci\u00f3n de la violencia de g\u00e9nero, el Gobierno de Tlalnepantla que preside el Alcalde Marco Antonio Rodr\u00edguez Hurtado llev\u00f3 a cabo la reuni\u00f3n de trabajo de embajadoras de la Red Naranja, espacio en el que las tlalnepantlenses fueron part\u00edcipes de una ponencia para sensibilizarlas y capacitarlas sobre dicho tema.<\/p>\n<p class=\"p3\">El Presidente Municipal destac\u00f3 que esta capacitaci\u00f3n es para orientar a quienes fungen como difusoras en las comunidades para abatir uno de los delitos que m\u00e1s afecta a las mujeres, como lo es la violencia de g\u00e9nero.<\/p>\n<p class=\"p3\">\u201cAtendiendo el compromiso que hizo nuestra Secretaria de la Mujer, Martha Hilda Gonz\u00e1lez Calder\u00f3n, el d\u00eda que tomaron protesta nuestras embajadores de la Red Naranja,<span class=\"Apple-converted-space\">\u00a0 <\/span>se dio con la<span class=\"Apple-converted-space\">\u00a0 <\/span>finalidad<span class=\"Apple-converted-space\">\u00a0 <\/span>de que se iba a capacitar, a<span class=\"Apple-converted-space\">\u00a0 <\/span>escuchar y<span class=\"Apple-converted-space\">\u00a0 <\/span>orientar el clamor de nuestras mujeres que tienen a bien empezar a generar una red de comunicaci\u00f3n, de prevenci\u00f3n y de atenci\u00f3n de la circunstancia jur\u00eddica en la que vivimos todos los d\u00edas \u201c, apunt\u00f3 el Alcalde.<\/p>\n<p class=\"p3\">Agradeci\u00f3 a Rosa Mar\u00eda Oviedo Flores, Coordinadora del Mecanismo para la Protecci\u00f3n de Periodistas y Personas Defensoras de los Derechos Humanos del Estado de M\u00e9xico, su ponencia sobre las circunstancias que las embajadoras de la Red Naranja deben conocer para estar en posibilidad de atender y disminuir la violencia sexual, psicol\u00f3gica, econ\u00f3mica y todo aquello que a diario se vive en la sociedad.<\/p>\n<p class=\"p3\">\u201cUstedes son la primer semilla, el cimiento de buscar que esta red de embajadoras se amplie en todo el territorio municipal, estoy seguro que la ponencia les permitir\u00e1 tener m\u00e1s amplitud en sus conocimientos y que los puedan transmitir con las mujeres de su alrededor\u201d, dijo el Mun\u00edcipe.<\/p>\n<p class=\"p3\">Tony Rodr\u00edguez llam\u00f3 a todas las \u00e1reas de la Administraci\u00f3n Municipal 2022-2024 a sumarse a estos esfuerzos y as\u00ed estar en condiciones de atender la violencia contra la mujer en cualquier \u00e1mbito.<\/p>\n<p class=\"p3\">En este evento en el se dieron cita Norma Mendiola, en representaci\u00f3n de la Coordinaci\u00f3n Regional de la Fiscal\u00eda General de Justicia; y Chantal Zepeda Escobar, Secretaria T\u00e9cnica de la Secretar\u00eda de la Mujer;<span class=\"Apple-converted-space\">\u00a0 <\/span>la titular de la Direcci\u00f3n de la Mujer en Tlalnepantla, Irma Lorena Roa L\u00f3pez, puntualiz\u00f3 que esta primer reuni\u00f3n tiene la finalidad de impulsar la cultura de la denuncia.<\/p>\n<p class=\"p3\">Detall\u00f3 que la violencia familiar fue el \u00fanico delito que present\u00f3 un aumento de 5.3 por ciento entre 2019 y 2020, mismo que puede atribuirse al confinamiento por la pandemia, ya que las mujeres estaban m\u00e1s expuestas a sus agresores.<\/p>\n<p class=\"p3\">Agreg\u00f3 que los delitos en contra de las mujeres registrados en las investigaciones y averiguaciones previas, representaron en 2020 el 14.8 por ciento del total de delitos, mientras que el 80.4 por ciento corresponde a la violencia familiar donde las v\u00edctimas m\u00e1s frecuentes son mujeres, concluy\u00f3 Roa L\u00f3pez.<\/p>\n","protected":false},"excerpt":{"rendered":"<div class=\"mh-excerpt\"><p>\u25cf En reuni\u00f3n de trabajo, las tlalnepantlenses fueron part\u00edcipes de la ponencia de la Coordinadora <a class=\"mh-excerpt-more\" href=\"https:\/\/foro1025.mx\/?p=22103\" title=\"Gobierno de Tlalnepantla capacita a embajadoras de la Red Naranja para impulsar la cultura de la denuncia\">&#8230;<\/a><\/p>\n<\/div>","protected":false},"author":1,"featured_media":0,"comment_status":"closed","ping_status":"closed","sticky":false,"template":"","format":"standard","meta":{"footnotes":""},"categories":[16],"tags":[],"class_list":{"0":"post-22103","1":"post","2":"type-post","3":"status-publish","4":"format-standard","6":"category-tlalnepantla"},"_links":{"self":[{"href":"https:\/\/foro1025.mx\/index.php?rest_route=\/wp\/v2\/posts\/22103","targetHints":{"allow":["GET"]}}],"collection":[{"href":"https:\/\/foro1025.mx\/index.php?rest_route=\/wp\/v2\/posts"}],"about":[{"href":"https:\/\/foro1025.mx\/index.php?rest_route=\/wp\/v2\/types\/post"}],"author":[{"embeddable":true,"href":"https:\/\/foro1025.mx\/index.php?rest_route=\/wp\/v2\/users\/1"}],"replies":[{"embeddable":true,"href":"https:\/\/foro1025.mx\/index.php?rest_route=%2Fwp%2Fv2%2Fcomments&post=22103"}],"version-history":[{"count":2,"href":"https:\/\/foro1025.mx\/index.php?rest_route=\/wp\/v2\/posts\/22103\/revisions"}],"predecessor-version":[{"id":22106,"href":"https:\/\/foro1025.mx\/index.php?rest_route=\/wp\/v2\/posts\/22103\/revisions\/22106"}],"wp:attachment":[{"href":"https:\/\/foro1025.mx\/index.php?rest_route=%2Fwp%2Fv2%2Fmedia&parent=22103"}],"wp:term":[{"taxonomy":"category","embeddable":true,"href":"https:\/\/foro1025.mx\/index.php?rest_route=%2Fwp%2Fv2%2Fcategories&post=22103"},{"taxonomy":"post_tag","embeddable":true,"href":"https:\/\/foro1025.mx\/index.php?rest_route=%2Fwp%2Fv2%2Ftags&post=22103"}],"curies":[{"name":"wp","href":"https:\/\/api.w.org\/{rel}","templated":true}]}}