{"id":22138,"date":"2022-11-01T17:01:06","date_gmt":"2022-11-01T23:01:06","guid":{"rendered":"https:\/\/foro1025.mx\/?p=22138"},"modified":"2022-11-10T17:08:09","modified_gmt":"2022-11-10T23:08:09","slug":"entrega-alfredo-del-mazo-parque-recreativo-de-huehuetoca","status":"publish","type":"post","link":"https:\/\/foro1025.mx\/?p=22138","title":{"rendered":"Entrega Alfredo del Mazo parque recreativo de Huehuetoca"},"content":{"rendered":"<p class=\"p3\"><i>\u2022 Puntualiza Gobernador mexiquense que este Parque Recreativo se encuentra en una zona habitacional, donde hay 19 escuelas, por lo que ser\u00e1 un punto de encuentro para los j\u00f3venes de Huehuetoca.<\/i><\/p>\n<p class=\"p3\"><i>\u2022 Informa Del Mazo Maza que en el Edom\u00e9x se han recuperado 74 espacios deportivos o culturales, a trav\u00e9s del programa \u00abVive tu Comunidad\u00bb.<\/i><\/p>\n<p class=\"p3\"><i>\u2022 Enfatiza que estos sitios son fundamentales para la integraci\u00f3n social, ya que fomentan la pr\u00e1ctica deportiva, la recreaci\u00f3n y la convivencia entre las familias.<\/i><\/p>\n<p class=\"p3\"><b>Huehuetoca, Estado de M\u00e9xico.- <\/b>El Gobernador Alfredo Del Mazo Maza entreg\u00f3 el Parque Recreativo de Huehuetoca, el cual forma parte de los 74 espacios p\u00fablicos que el Gobierno estatal ha recuperado en todo el Estado de M\u00e9xico, para que las familias tengan a su alcance lugares seguros, donde los j\u00f3venes puedan convivir o practicar alg\u00fan deporte.<\/p>\n<p class=\"p3\">\u201cMe da mucho gusto que estemos haciendo entrega de un deportivo m\u00e1s, de un parque m\u00e1s como los que estamos entregando en todo el Estado de M\u00e9xico. Hoy con \u00e9ste ya son 74 espacios deportivos, recreativos que construimos para que las familias tengan un \u00e1rea de convivencia, de recreaci\u00f3n, de venir a pasear en familia\u201d, expuso.<\/p>\n<p class=\"p3\">Desde este municipio del norte del Edom\u00e9x, el Gobernador destac\u00f3 que este nuevo parque urbano se encuentra en una zona habitacional retirada de la cabera municipal de Huehuetoca, y cerca de \u00e9l hay 19 planteles educativos, por lo que ser\u00e1 un referente y punto de encuentro para la juventud de esta regi\u00f3n mexiquense.<\/p>\n<p class=\"p3\">Alfredo Del Mazo tambi\u00e9n refiri\u00f3 que, espacios como este parque, estaban abandonados y han sido recuperados durante los \u00faltimos cinco a\u00f1os, para que familias de todo el Estado de M\u00e9xico puedan tenerlos a su alcance y disfrutarlos.<\/p>\n<p class=\"p3\">\u201cEstos espacios son espacios que recuperamos, es decir, son espacios que probablemente estaban abandonados, invadidos y que incluso podr\u00edan prestarse para actividades de violencia, de delincuencia, y ahora, con un nuevo parque se convierte en un \u00e1rea familiar\u00bb, apunt\u00f3 en el mensaje que dirigi\u00f3 tras recorrer el parque.<\/p>\n<p class=\"p3\">El mandatario estatal enfatiz\u00f3 que obras como la que entreg\u00f3 este d\u00eda, y que forman parte del programa \u00abVive tu Comunidad\u00bb, propician mejores h\u00e1bitos entre la juventud, pues cada minuto que se gana para el deporte, la cultura o para el arte, es un minuto que se le quita a la violencia o a la delincuencia, mencion\u00f3.<\/p>\n<p class=\"p3\">\u201cLo que hemos estado haciendo con este programa es recuperar deportivos, recuperar espacios recreativos, impulsar la cultura, el deporte, el arte para que las familias tengan sus espacios de convivencia y para tambi\u00e9n combatir la violencia y la delincuencia\u201d, finaliz\u00f3.<\/p>\n<p class=\"p3\">En la visita que hizo a este municipio, Del Mazo Maza conoci\u00f3 diversos espacios del nuevo parque, entre ellos el \u00e1rea de juegos infantiles, los comedores, el \u00e1rea para mascotas y los ejercitadores.<\/p>\n<p class=\"p3\">El Parque Recreativo de Huehuetoca cuenta tambi\u00e9n con \u00e1reas de picnic, una ciclov\u00eda, zona crossfit, un mirador y \u00e1reas verdes.<\/p>\n<p class=\"p3\">Durante el recorrido, el Gobernador estuvo acompa\u00f1ado por el Secretario de Desarrollo Urbano y Obra, Rafael D\u00edaz Leal Barrueta, el Subsecretario de Educaci\u00f3n Media Superior y Comisionado Regional XXIII, Zumpango, Israel Jer\u00f3nimo L\u00f3pez, y el Presidente municipal de Huehuetoca, Milton Casta\u00f1eda D\u00edaz.<\/p>\n","protected":false},"excerpt":{"rendered":"<div class=\"mh-excerpt\"><p>\u2022 Puntualiza Gobernador mexiquense que este Parque Recreativo se encuentra en una zona habitacional, donde <a class=\"mh-excerpt-more\" href=\"https:\/\/foro1025.mx\/?p=22138\" title=\"Entrega Alfredo del Mazo parque recreativo de Huehuetoca\">&#8230;<\/a><\/p>\n<\/div>","protected":false},"author":1,"featured_media":0,"comment_status":"closed","ping_status":"closed","sticky":false,"template":"","format":"standard","meta":{"footnotes":""},"categories":[13],"tags":[],"class_list":{"0":"post-22138","1":"post","2":"type-post","3":"status-publish","4":"format-standard","6":"category-estado-de-mexico"},"_links":{"self":[{"href":"https:\/\/foro1025.mx\/index.php?rest_route=\/wp\/v2\/posts\/22138","targetHints":{"allow":["GET"]}}],"collection":[{"href":"https:\/\/foro1025.mx\/index.php?rest_route=\/wp\/v2\/posts"}],"about":[{"href":"https:\/\/foro1025.mx\/index.php?rest_route=\/wp\/v2\/types\/post"}],"author":[{"embeddable":true,"href":"https:\/\/foro1025.mx\/index.php?rest_route=\/wp\/v2\/users\/1"}],"replies":[{"embeddable":true,"href":"https:\/\/foro1025.mx\/index.php?rest_route=%2Fwp%2Fv2%2Fcomments&post=22138"}],"version-history":[{"count":1,"href":"https:\/\/foro1025.mx\/index.php?rest_route=\/wp\/v2\/posts\/22138\/revisions"}],"predecessor-version":[{"id":22140,"href":"https:\/\/foro1025.mx\/index.php?rest_route=\/wp\/v2\/posts\/22138\/revisions\/22140"}],"wp:attachment":[{"href":"https:\/\/foro1025.mx\/index.php?rest_route=%2Fwp%2Fv2%2Fmedia&parent=22138"}],"wp:term":[{"taxonomy":"category","embeddable":true,"href":"https:\/\/foro1025.mx\/index.php?rest_route=%2Fwp%2Fv2%2Fcategories&post=22138"},{"taxonomy":"post_tag","embeddable":true,"href":"https:\/\/foro1025.mx\/index.php?rest_route=%2Fwp%2Fv2%2Ftags&post=22138"}],"curies":[{"name":"wp","href":"https:\/\/api.w.org\/{rel}","templated":true}]}}