{"id":22141,"date":"2022-11-02T17:08:25","date_gmt":"2022-11-02T23:08:25","guid":{"rendered":"https:\/\/foro1025.mx\/?p=22141"},"modified":"2022-11-10T17:54:09","modified_gmt":"2022-11-10T23:54:09","slug":"destaca-edomex-nuevo-modelo-comunitario-de-salud-mental-para-la-prevencion-de-adicciones-y-padecimientos-emocionales","status":"publish","type":"post","link":"https:\/\/foro1025.mx\/?p=22141","title":{"rendered":"Destaca Edom\u00e9x nuevo modelo comunitario de salud mental para la prevenci\u00f3n de adicciones y padecimientos emocionales"},"content":{"rendered":"<p class=\"p3\"><i>\u2022 Ofrece titular de Salud en la entidad conferencia en Salud mental durante Aniversario del Hospital Psiqui\u00e1trico Infantil de M\u00e9xico.<\/i><\/p>\n<p class=\"p3\"><i>\u2022 Implementa Salud Edom\u00e9x 48 brigadas comunitarias con 246 profesionales que han fortalecido servicios de autocuidado y diagn\u00f3stico en padecimientos emocionales.<\/i><\/p>\n<p class=\"p3\"><b>Ciudad de M\u00e9xico.-<\/b>El Secretario de Salud del Estado de M\u00e9xico, Francisco Fern\u00e1ndez Clamont, destac\u00f3 que el nuevo modelo comunitario de atenci\u00f3n a la salud mental, permite fortalecer los servicios en los tres niveles de atenci\u00f3n m\u00e9dica, los tratamientos en psiquiatr\u00eda y la prevenci\u00f3n de adicciones.<\/p>\n<p class=\"p3\">En el marco del 56 aniversario del Hospital Psiqui\u00e1trico Infantil \u201cDr. Juan N. Navarro\u201d, el funcionario imparti\u00f3 la conferencia \u201cSalud mental infantil en M\u00e9xico\u201d, en el cual destac\u00f3 que durante la actual administraci\u00f3n estatal se han otorgado m\u00e1s de 361 mil consultas psicol\u00f3gicas y 46 mil psiqui\u00e1tricas.<\/p>\n<p class=\"p3\">Refiri\u00f3 que, para implementar el modelo comunitario de salud mental, la Secretar\u00eda de Salud estatal ha incorporado 48 brigadas con el apoyo de 246 profesionales de la salud mental, en el que intervienen psic\u00f3logos, nutri\u00f3logos, T\u00e9cnicos en Atenci\u00f3n Primaria a la Salud (TAPS), enfermeros y trabajadores sociales.<\/p>\n<p class=\"p3\">Lo anterior, dijo, ha fortalecido los servicios y talleres de autocuidado, la aplicaci\u00f3n de diagn\u00f3sticos y la relaci\u00f3n de pacientes con grupos de apoyo, desde las comunidades y n\u00facleos familiares con riesgo de padecimientos mentales.<\/p>\n<p class=\"p3\">Detall\u00f3 que la entidad mexiquense tiene el mayor n\u00famero de poblaci\u00f3n en el pa\u00eds y por ello en tareas de prevenci\u00f3n en salud mental se han ofrecido 21 mil sesiones y 5 mil 714 detecciones de estados depresivos.<\/p>\n<p class=\"p3\">Puntualiz\u00f3 que tan s\u00f3lo de enero a julio de 2022, se han realizado 38 mil 57 consultas a ni\u00f1os y 944 acciones de promoci\u00f3n a la salud emocional.<\/p>\n<p class=\"p3\">Agreg\u00f3 que, a la fecha, se han capacitado a 7 mil 689 trabajadores referente al tema de suicidio, que representa al 100 por ciento del personal involucrado en la atenci\u00f3n a este riesgo.<\/p>\n<p class=\"p3\">El titular de Salud en la entidad enfatiz\u00f3 durante las Jornadas Acad\u00e9micas de Aniversario \u00abSalud mental infantil: la pertinencia de priorizar su cuidado\u00bb, del Hospital Psiqui\u00e1trico Infantil \u201cDr. Juan N. Navarro\u201d, que la salud mental es una tarea constante en los tres niveles de atenci\u00f3n m\u00e9dica, pues se ha demostrado que las enfermedades emocionales aumentaron a causa de la pandemia por COVID-19.<\/p>\n<p class=\"p3\">Finalmente, a\u00f1adi\u00f3 que la fusi\u00f3n de salud mental y adicciones se ha hecho de la mano con los municipios, a trav\u00e9s de la instalaci\u00f3n de comit\u00e9s a fin de prevenir suicidios, iniciar el autocuidado de salud mental desde la etapa infantil, adem\u00e1s prevenir adicciones, violencia e incorporar estos servicios en pacientes con enfermedades cr\u00f3nicas y terminales.<\/p>\n<p class=\"p3\">Durante esta actividad acad\u00e9mica, el Secretario de Salud, Francisco Fern\u00e1ndez Clamont, reconoci\u00f3 el trabajo de los profesionales del Hospital Psiqui\u00e1trico Infantil \u201cDr. Juan N. Navarro\u201d, a su Director Emmanuel Isa\u00edas Sarmiento Hern\u00e1ndez, a las autoridades de este nosocomio, adem\u00e1s de investigadores y acad\u00e9micos que han sido parte de sus tareas durante sus 56 a\u00f1os de historia.<\/p>\n","protected":false},"excerpt":{"rendered":"<div class=\"mh-excerpt\"><p>\u2022 Ofrece titular de Salud en la entidad conferencia en Salud mental durante Aniversario del <a class=\"mh-excerpt-more\" href=\"https:\/\/foro1025.mx\/?p=22141\" title=\"Destaca Edom\u00e9x nuevo modelo comunitario de salud mental para la prevenci\u00f3n de adicciones y padecimientos emocionales\">&#8230;<\/a><\/p>\n<\/div>","protected":false},"author":1,"featured_media":0,"comment_status":"closed","ping_status":"closed","sticky":false,"template":"","format":"standard","meta":{"footnotes":""},"categories":[13,25],"tags":[],"class_list":{"0":"post-22141","1":"post","2":"type-post","3":"status-publish","4":"format-standard","6":"category-estado-de-mexico","7":"category-salud-y-ciencia"},"_links":{"self":[{"href":"https:\/\/foro1025.mx\/index.php?rest_route=\/wp\/v2\/posts\/22141","targetHints":{"allow":["GET"]}}],"collection":[{"href":"https:\/\/foro1025.mx\/index.php?rest_route=\/wp\/v2\/posts"}],"about":[{"href":"https:\/\/foro1025.mx\/index.php?rest_route=\/wp\/v2\/types\/post"}],"author":[{"embeddable":true,"href":"https:\/\/foro1025.mx\/index.php?rest_route=\/wp\/v2\/users\/1"}],"replies":[{"embeddable":true,"href":"https:\/\/foro1025.mx\/index.php?rest_route=%2Fwp%2Fv2%2Fcomments&post=22141"}],"version-history":[{"count":1,"href":"https:\/\/foro1025.mx\/index.php?rest_route=\/wp\/v2\/posts\/22141\/revisions"}],"predecessor-version":[{"id":22143,"href":"https:\/\/foro1025.mx\/index.php?rest_route=\/wp\/v2\/posts\/22141\/revisions\/22143"}],"wp:attachment":[{"href":"https:\/\/foro1025.mx\/index.php?rest_route=%2Fwp%2Fv2%2Fmedia&parent=22141"}],"wp:term":[{"taxonomy":"category","embeddable":true,"href":"https:\/\/foro1025.mx\/index.php?rest_route=%2Fwp%2Fv2%2Fcategories&post=22141"},{"taxonomy":"post_tag","embeddable":true,"href":"https:\/\/foro1025.mx\/index.php?rest_route=%2Fwp%2Fv2%2Ftags&post=22141"}],"curies":[{"name":"wp","href":"https:\/\/api.w.org\/{rel}","templated":true}]}}