{"id":22676,"date":"2022-11-30T20:45:29","date_gmt":"2022-12-01T02:45:29","guid":{"rendered":"https:\/\/foro1025.mx\/?p=22676"},"modified":"2022-12-01T20:46:34","modified_gmt":"2022-12-02T02:46:34","slug":"respaldan-edomex-hidalgo-y-cdmx-creacion-de-parlamento-metropolitano","status":"publish","type":"post","link":"https:\/\/foro1025.mx\/?p=22676","title":{"rendered":"Respaldan Edomex, Hidalgo y CDMX creaci\u00f3n de Parlamento Metropolitano"},"content":{"rendered":"<p class=\"p1\">\n<ul class=\"ul1\">\n<li class=\"li3\"><em>Se pronuncian por una agenda com\u00fan en movilidad, servicios p\u00fablicos, agua, salud, cultura, turismo y seguridad; analizan integrar a Puebla y Morelos.<\/em><\/li>\n<li class=\"li3\"><em>Sostuvieron una primera reuni\u00f3n diputadas y diputados de Morena de las tres entidades.<\/em><\/li>\n<\/ul>\n<p class=\"p5\">Los desaf\u00edos de la zona metropolitana del Valle de M\u00e9xico requieren de la respuesta coordinada de instancias y poderes p\u00fablicos de Hidalgo, el Estado de M\u00e9xico y la Ciudad de M\u00e9xico, particularmente de sus congresos locales, que deben impulsar una legislaci\u00f3n que garantice la planeaci\u00f3n urbana, pol\u00edticas para un modelo de recaudaci\u00f3n y el financiamiento metropolitano en favor de 22 millones de personas.<\/p>\n<p class=\"p5\">As\u00ed lo consideraron el diputado Max Agust\u00edn Correa Hern\u00e1ndez, presidente de la Comisi\u00f3n de Asuntos Metropolitano del Congreso mexiquense; el diputado Jorge Hern\u00e1ndez Araus, presidente de la Junta de Gobierno de la LXV Legislatura de Hidalgo; y la diputada Adriana Mar\u00eda Guadalupe Espinosa de los Monteros Garc\u00eda, secretaria de la Comisi\u00f3n de Desarrollo Metropolitano de la II Legislatura de la Ciudad de M\u00e9xico.<\/p>\n<p class=\"p5\">Lo anterior, en el Aeropuerto Internacional Felipe \u00c1ngeles (AIFA), durante el primer encuentro de diputadas y diputados locales del grupo parlamentario de Morena de las legislaturas de los tres estados participantes, hacia el Parlamento Metropolitano del Valle de M\u00e9xico que busca integrar una agenda legislativa para la zona metropolitana.<\/p>\n<p class=\"p5\">Ante Isidoro Pastor, director del AIFA, el diputado Max Correa reconoci\u00f3 los esfuerzos legislativos impulsados en la Ciudad de M\u00e9xico y el Estado de Hidalgo, los cuales, sumados a la LXI Legislatura mexiquense, buscan consolidar una agenda que responda a las exigencias de una zona que comprende 16 alcald\u00edas de la Ciudad de M\u00e9xico, 59 municipios del Estado de M\u00e9xico y uno del Estado de Hidalgo donde habitan cerca de 22 millones de personas.<\/p>\n<p class=\"p5\">El legislador subray\u00f3 la necesidad de la integraci\u00f3n de un parlamento metropolitano que permita crear mecanismos con los que sean aprobados, implementados y evaluados los presupuestos de obras y programas de coordinaci\u00f3n metropolitana que se requieren, de acuerdo con los instrumentos de participaci\u00f3n ciudadana.<\/p>\n<p class=\"p5\">En tanto que el diputado hidalguense Jorge Hern\u00e1ndez se pronunci\u00f3 por la gobernanza metropolitana en el Valle de M\u00e9xico que marque una nueva ruta de la mano de la Cuarta Transformaci\u00f3n de la Vida P\u00fablica del pa\u00eds con el objetivo de salvaguardar el desarrollo de la zona, mientras que la legisladora Adriana Espinosa enfatiz\u00f3 que solo los esfuerzos conjuntos desde los congresos locales, a trav\u00e9s de la creaci\u00f3n y modificaci\u00f3n de leyes, coadyuvar\u00e1n a la implementaci\u00f3n de pol\u00edticas p\u00fablicas que realmente beneficien a la poblaci\u00f3n de la zona.<\/p>\n<p class=\"p5\">Entre los conclusiones a las que se llegaron en el evento, expuestas por la diputada de la Ciudad de M\u00e9xico Nancy Marlene N\u00fa\u00f1ez Res\u00e9ndiz, destacan el trabajar en una ruta institucional para establecer el parlamento metropolitano; establecer una agenda en com\u00fan en movilidad, servicios p\u00fablicos, agua, salud, cultura, turismo y seguridad; analizar la integraci\u00f3n de las legislaturas de Puebla y Morelos<\/p>\n<p class=\"p5\">As\u00ed como homologar los marcos jur\u00eddicos en la materia; abrir la participaci\u00f3n a la academia, sociedad civil e iniciativa privada; agendar un segundo encuentro donde asistan los integrantes de las comisiones relacionadas; crear un directorio de participantes; y gestionar informaci\u00f3n de los avances en la ley en la materia de nivel federal.<\/p>\n","protected":false},"excerpt":{"rendered":"<div class=\"mh-excerpt\"><p>Se pronuncian por una agenda com\u00fan en movilidad, servicios p\u00fablicos, agua, salud, cultura, turismo y <a class=\"mh-excerpt-more\" href=\"https:\/\/foro1025.mx\/?p=22676\" title=\"Respaldan Edomex, Hidalgo y CDMX creaci\u00f3n de Parlamento Metropolitano\">&#8230;<\/a><\/p>\n<\/div>","protected":false},"author":1,"featured_media":0,"comment_status":"closed","ping_status":"closed","sticky":false,"template":"","format":"standard","meta":{"footnotes":""},"categories":[22],"tags":[],"class_list":{"0":"post-22676","1":"post","2":"type-post","3":"status-publish","4":"format-standard","6":"category-diputados"},"_links":{"self":[{"href":"https:\/\/foro1025.mx\/index.php?rest_route=\/wp\/v2\/posts\/22676","targetHints":{"allow":["GET"]}}],"collection":[{"href":"https:\/\/foro1025.mx\/index.php?rest_route=\/wp\/v2\/posts"}],"about":[{"href":"https:\/\/foro1025.mx\/index.php?rest_route=\/wp\/v2\/types\/post"}],"author":[{"embeddable":true,"href":"https:\/\/foro1025.mx\/index.php?rest_route=\/wp\/v2\/users\/1"}],"replies":[{"embeddable":true,"href":"https:\/\/foro1025.mx\/index.php?rest_route=%2Fwp%2Fv2%2Fcomments&post=22676"}],"version-history":[{"count":1,"href":"https:\/\/foro1025.mx\/index.php?rest_route=\/wp\/v2\/posts\/22676\/revisions"}],"predecessor-version":[{"id":22678,"href":"https:\/\/foro1025.mx\/index.php?rest_route=\/wp\/v2\/posts\/22676\/revisions\/22678"}],"wp:attachment":[{"href":"https:\/\/foro1025.mx\/index.php?rest_route=%2Fwp%2Fv2%2Fmedia&parent=22676"}],"wp:term":[{"taxonomy":"category","embeddable":true,"href":"https:\/\/foro1025.mx\/index.php?rest_route=%2Fwp%2Fv2%2Fcategories&post=22676"},{"taxonomy":"post_tag","embeddable":true,"href":"https:\/\/foro1025.mx\/index.php?rest_route=%2Fwp%2Fv2%2Ftags&post=22676"}],"curies":[{"name":"wp","href":"https:\/\/api.w.org\/{rel}","templated":true}]}}