{"id":22746,"date":"2022-11-30T23:53:24","date_gmt":"2022-12-01T05:53:24","guid":{"rendered":"https:\/\/foro1025.mx\/?p=22746"},"modified":"2022-12-01T23:58:01","modified_gmt":"2022-12-02T05:58:01","slug":"inauguran-alfredo-del-mazo-y-fernanda-castillo-el-centro-estatal-de-rehabilitacion-zona-norte-en-atlacomulco","status":"publish","type":"post","link":"https:\/\/foro1025.mx\/?p=22746","title":{"rendered":"Inauguran Alfredo Del Mazo y Fernanda Castillo, el Centro Estatal de Rehabilitaci\u00f3n Zona Norte, en Atlacomulco"},"content":{"rendered":"<div role=\"textbox\" aria-controls=\":2a8\" aria-label=\"Cuerpo del mensaje\" aria-multiline=\"true\" aria-owns=\":2a8\"><em>\u2022 Refiere Gobernador\u00a0<span class=\"il\">Alfredo<\/span>\u00a0<span class=\"il\">Del<\/span>\u00a0<span class=\"il\">Mazo<\/span>\u00a0que se trabaja para hacer que\u00a0<span class=\"il\">el<\/span>\u00a0Edom\u00e9x cuente con la mayor\u00a0<span class=\"il\">y<\/span>\u00a0la mejor red de atenci\u00f3n a la discapacidad en\u00a0<span class=\"il\">el<\/span>\u00a0pa\u00eds.<\/em><br \/>\n<em>\u2022 Subraya que la puesta en marcha de este\u00a0<span class=\"il\">centro<\/span>\u00a0forma parte\u00a0<span class=\"il\">del<\/span>\u00a0proyecto de acercar estos servicios a toda la entidad a trav\u00e9s de la construcci\u00f3n de seis espacios de este tipo.<\/em><br \/>\n<em>\u2022 Indica la Presidenta Honoraria\u00a0<span class=\"il\">del<\/span>\u00a0DIFEM,\u00a0<span class=\"il\">Fernanda<\/span>\u00a0<span class=\"il\">Castillo<\/span>, que en\u00a0<span class=\"il\">el<\/span>\u00a0Edom\u00e9x se construye una vida libre de obst\u00e1culos para las personas con discapacidad.<\/em><strong><span class=\"il\">Atlacomulco<\/span>, Estado de M\u00e9xico.- <\/strong>Con la finalidad de acercar a cada regi\u00f3n\u00a0<span class=\"il\">del<\/span>\u00a0Estado de M\u00e9xico, espacios que brinden atenci\u00f3n de calidad a las personas que tienen alguna discapacidad,\u00a0<span class=\"il\">el<\/span>\u00a0Gobernador\u00a0<span class=\"il\">Alfredo<\/span>\u00a0<span class=\"il\">Del<\/span>\u00a0<span class=\"il\">Mazo<\/span>\u00a0Maza\u00a0<span class=\"il\">y<\/span>\u00a0la Presidenta Honoraria\u00a0<span class=\"il\">del<\/span>\u00a0Sistema para\u00a0<span class=\"il\">el<\/span>\u00a0Desarrollo Integral de la Familia\u00a0<span class=\"il\">del<\/span>\u00a0Estado de M\u00e9xico (DIFEM),\u00a0<span class=\"il\">Fernanda<\/span>\u00a0<span class=\"il\">Castillo<\/span>\u00a0de\u00a0<span class=\"il\">Del<\/span>\u00a0<span class=\"il\">Mazo<\/span>, inauguraron\u00a0<span class=\"il\">el<\/span>\u00a0<span class=\"il\">Centro<\/span>\u00a0<span class=\"il\">Estatal<\/span>\u00a0de\u00a0<span class=\"il\">Rehabilitaci\u00f3n<\/span>\u00a0<span class=\"il\">Zona<\/span>\u00a0<span class=\"il\">Norte<\/span>.<\/p>\n<p><span class=\"il\">El<\/span>\u00a0Gobernador\u00a0<span class=\"il\">Alfredo<\/span>\u00a0<span class=\"il\">Del<\/span>\u00a0<span class=\"il\">Mazo<\/span>\u00a0se\u00f1al\u00f3 que\u00a0<span class=\"il\">el<\/span>\u00a0<span class=\"il\">Centro<\/span>\u00a0<span class=\"il\">Estatal<\/span>\u00a0de\u00a0<span class=\"il\">Rehabilitaci\u00f3n<\/span>\u00a0<span class=\"il\">Zona<\/span>\u00a0<span class=\"il\">Norte<\/span>, ubicado en\u00a0<span class=\"il\">el<\/span>\u00a0municipio de\u00a0<span class=\"il\">Atlacomulco<\/span>, forma parte de los seis centros de este tipo, con los que se busca contar en diferentes regiones\u00a0<span class=\"il\">del<\/span>\u00a0Estado de M\u00e9xico, como lo son los de Toluca, Tec\u00e1mac,\u00a0<span class=\"il\">y<\/span>\u00a0Cuautitl\u00e1n Izcalli, que ya est\u00e1n en operaci\u00f3n,\u00a0<span class=\"il\">y<\/span>\u00a0se trabaja en la construcci\u00f3n de los de Tejupilco\u00a0<span class=\"il\">y<\/span>\u00a0Chalco.<\/p>\n<p>\u201cSeguimos avanzando para que, en los pr\u00f3ximos meses, tengamos terminados estos otros centros,\u00a0<span class=\"il\">y<\/span>\u00a0lograr, que\u00a0<span class=\"il\">el<\/span>\u00a0Estado de M\u00e9xico tenga la mayor\u00a0<span class=\"il\">y<\/span>\u00a0la mejor red de atenci\u00f3n a la discapacidad\u201d, subray\u00f3.<\/p>\n<p>En\u00a0<span class=\"il\">el<\/span>\u00a0caso\u00a0<span class=\"il\">del<\/span>\u00a0<span class=\"il\">Centro<\/span>\u00a0de\u00a0<span class=\"il\">Rehabilitaci\u00f3n<\/span>\u00a0<span class=\"il\">y<\/span>\u00a0Educaci\u00f3n Especial (CREE) de Toluca, manifest\u00f3 que para las familias mexiquenses que no viven en esta regi\u00f3n de la entidad, era complicado asistir a \u00e9ste, ya que implica tiempo\u00a0<span class=\"il\">y<\/span>\u00a0m\u00e1s costos, por lo cual, se decidi\u00f3 construir centros en distintas zonas de la entidad.<\/p>\n<p>A\u00f1adi\u00f3 que con estos Centros de\u00a0<span class=\"il\">Rehabilitaci\u00f3n<\/span>\u00a0las familias contar\u00e1n con un servicio de atenci\u00f3n de tercer nivel\u00a0<span class=\"il\">y<\/span>\u00a0con equipamiento\u00a0<span class=\"il\">y<\/span>\u00a0tecnolog\u00eda de calidad\u00a0<span class=\"il\">y<\/span>\u00a0de primer nivel, a distancias m\u00e1s pr\u00f3ximas,\u00a0<span class=\"il\">y<\/span>\u00a0reconoci\u00f3 al personal que trabaja en estos espacios por\u00a0<span class=\"il\">el<\/span>\u00a0cari\u00f1o, aprecio\u00a0<span class=\"il\">y<\/span>\u00a0talento con\u00a0<span class=\"il\">el<\/span>\u00a0que realizan su labor.<\/p>\n<p>\u201cTenemos en\u00a0<span class=\"il\">el<\/span>\u00a0Estado de M\u00e9xico la red de apoyo a la discapacidad m\u00e1s importante que hay en todo\u00a0<span class=\"il\">el<\/span>\u00a0pa\u00eds. Tenemos 56 Unidades B\u00e1sicas de\u00a0<span class=\"il\">Rehabilitaci\u00f3n<\/span>\u00a0e Integraci\u00f3n Social, tenemos 47 Unidades de\u00a0<span class=\"il\">Rehabilitaci\u00f3n<\/span>\u00a0e Integraci\u00f3n Social que brindan primer nivel de atenci\u00f3n.<\/p>\n<p>\u201cLos seis Centros de\u00a0<span class=\"il\">Rehabilitaci\u00f3n<\/span>\u00a0e Integraci\u00f3n\u00a0<span class=\"il\">del<\/span>\u00a0segundo nivel de atenci\u00f3n tambi\u00e9n, los centros de educaci\u00f3n especial para medicina interna, traumatolog\u00eda, ortopedia, comunicaci\u00f3n no humana, neuropediatr\u00eda, en fin, se ha hecho un esfuerzo por rehabilitar\u00a0<span class=\"il\">y<\/span>\u00a0equipar la mayor\u00eda de las unidades, de 124 unidades que tenemos en todo\u00a0<span class=\"il\">el<\/span>\u00a0Estado de M\u00e9xico se han equipado o rehabilitado 108\u201d, puntualiz\u00f3.<\/p>\n<p>En este sentido, agradeci\u00f3 a\u00a0<span class=\"il\">Fernanda<\/span>\u00a0<span class=\"il\">Castillo<\/span>\u00a0por\u00a0<span class=\"il\">el<\/span>\u00a0impulso que le da, desde\u00a0<span class=\"il\">el<\/span>\u00a0DIFEM, a la atenci\u00f3n a las personas con discapacidad, acci\u00f3n que, dijo, es un compromiso personal, por lo que destac\u00f3 su dedicaci\u00f3n, entrega\u00a0<span class=\"il\">y<\/span>\u00a0cari\u00f1o puesto a este proyecto de contar con centros de\u00a0<span class=\"il\">rehabilitaci\u00f3n<\/span>\u00a0en diferentes regiones mexiquenses, logros que hacen m\u00e1s fuerte al Edom\u00e9x\u00a0<span class=\"il\">y<\/span>\u00a0apoyan a las familias de la entidad.<\/p>\n<p>\u201cEn\u00a0<span class=\"il\">el<\/span>\u00a0caso\u00a0<span class=\"il\">del<\/span>\u00a0Estado de M\u00e9xico, les platico, tenemos m\u00e1s de 750 mil personas que tienen alg\u00fan tipo de discapacidad, tenemos un reto muy grande para ayudarles, para apoyarles, a que les acompa\u00f1emos a lo largo de su camino, de su recorrido, a su inclusi\u00f3n\u00a0<span class=\"il\">y<\/span>\u00a0poderles dar las mejores oportunidades\u00a0<span class=\"il\">y<\/span>\u00a0posibilidades para su desarrollo\u201d, expres\u00f3.<\/p>\n<p>\u201cFue\u00a0<span class=\"il\">Fernanda<\/span>, mi esposa, la que tom\u00f3 esta bandera,\u00a0<span class=\"il\">y<\/span>\u00a0la que dijo, yo quiero en especial, hacer un trabajo importante para ayudar a todas las familias que tienen alguna discapacidad,\u00a0<span class=\"il\">y<\/span>\u00a0desde ah\u00ed, hace casi cinco a\u00f1os pr\u00e1cticamente, se comprometi\u00f3 a que\u00a0<span class=\"il\">el<\/span>\u00a0Estado de M\u00e9xico tuviera la mejor red de atenci\u00f3n a la discapacidad de todo\u00a0<span class=\"il\">el<\/span>\u00a0pa\u00eds\u201d, agreg\u00f3.<\/p>\n<p><span class=\"il\">Del<\/span>\u00a0<span class=\"il\">Mazo<\/span>\u00a0Maza indic\u00f3 que\u00a0<span class=\"il\">el<\/span>\u00a0realizar este tipo de centros permite apoyar a las familias, ya que contar con un familiar que padece alguna discapacidad es un reto mayor para sacarlos adelante, al requerir mayor tiempo\u00a0<span class=\"il\">y<\/span>\u00a0m\u00e1s recursos econ\u00f3micos para atenderlos\u00a0<span class=\"il\">y<\/span>\u00a0buscar espacios donde puedan recibir sus terapias.<\/p>\n<p>Destac\u00f3 que a trav\u00e9s\u00a0<span class=\"il\">del<\/span>\u00a0programa Salario rosa tambi\u00e9n se tiene una vertiente para apoyar a amas de casa que tienen alg\u00fan hijo o pariente con discapacidad, adem\u00e1s de que se han entregado m\u00e1s de 130 unidades especiales de transporte para que puedan ser trasladados los pacientes.<\/p>\n<p>La Presidenta Honoraria\u00a0<span class=\"il\">del<\/span>\u00a0Sistema para\u00a0<span class=\"il\">el<\/span>\u00a0Desarrollo Integral de la Familia\u00a0<span class=\"il\">del<\/span>\u00a0Estado de M\u00e9xico,\u00a0<span class=\"il\">Fernanda<\/span>\u00a0<span class=\"il\">Castillo<\/span>\u00a0de\u00a0<span class=\"il\">Del<\/span>\u00a0<span class=\"il\">Mazo<\/span>, refiri\u00f3 que en\u00a0<span class=\"il\">el<\/span>\u00a0mes de mayo se inaugur\u00f3\u00a0<span class=\"il\">el<\/span>\u00a0<span class=\"il\">Centro<\/span>\u00a0<span class=\"il\">Estatal<\/span>\u00a0de\u00a0<span class=\"il\">Rehabilitaci\u00f3n<\/span>\u00a0de Tec\u00e1mac,\u00a0<span class=\"il\">y<\/span>\u00a0en agosto\u00a0<span class=\"il\">el<\/span>\u00a0de Cuautitl\u00e1n Izcalli, beneficiando, hasta\u00a0<span class=\"il\">el<\/span>\u00a0d\u00eda de hoy, a m\u00e1s de 5 mil personas.<\/p>\n<p>\u201cEste es un logro hist\u00f3rico que coloca\u00a0<span class=\"il\">el<\/span>\u00a0Estado de M\u00e9xico como\u00a0<span class=\"il\">el<\/span>\u00a0\u00fanico en\u00a0<span class=\"il\">el<\/span>\u00a0pa\u00eds en contar con la red m\u00e1s grande de atenci\u00f3n a la discapacidad, una red que se engrandece con\u00a0<span class=\"il\">el<\/span>\u00a0amor\u00a0<span class=\"il\">y<\/span>\u00a0entrega de todos los que lo hacen posible, los doctores, los especialistas, los terapeutas\u00a0<span class=\"il\">y<\/span>\u00a0todo\u00a0<span class=\"il\">el<\/span>\u00a0personal que est\u00e1 detr\u00e1s poniendo su profesionalismo, dedicaci\u00f3n\u00a0<span class=\"il\">y<\/span>\u00a0su esfuerzo, a todas\u00a0<span class=\"il\">y<\/span>\u00a0a todos ustedes, much\u00edsimas gracias\u201d, afirm\u00f3.<\/p>\n<p>Asimismo, indic\u00f3 que\u00a0<span class=\"il\">el<\/span>\u00a0espacio que hoy se entrega beneficiar\u00e1 a personas de 17 municipios de esta regi\u00f3n de la entidad, otorgando servicios de tercer nivel de atenci\u00f3n, atendiendo casos de discapacidad sensorial, f\u00edsica e intelectual, manteniendo costos accesibles para los usuarios.<\/p>\n<p>Aunado a esto, a\u00f1adi\u00f3 que, con la entrega\u00a0<span class=\"il\">del<\/span>\u00a0Salario rosa, se apoya a 17 mil mujeres mexiquenses que tienen en su familia\u00a0<span class=\"il\">y<\/span>\u00a0bajo su cuidado a alg\u00fan familiar con discapacidad.<\/p>\n<p>\u201cEn\u00a0<span class=\"il\">el<\/span>\u00a0Estado de M\u00e9xico estamos construyendo una vida libre de obst\u00e1culos para personas que son \u00fanicas, irremplazables, perseverantes\u00a0<span class=\"il\">y<\/span>\u00a0con gran fortaleza, poseedoras de grandes historias de \u00e9xito, nuestras queridas personas con discapacidad\u00a0<span class=\"il\">y<\/span>\u00a0sus familias que cada d\u00eda se levantan para sacar adelante a sus hijos, ni\u00f1as\u00a0<span class=\"il\">y<\/span>\u00a0ni\u00f1os guerreros de vida, atletas que ponen en alto\u00a0<span class=\"il\">el<\/span>\u00a0nombre de M\u00e9xico, hombres\u00a0<span class=\"il\">y<\/span>\u00a0mujeres que no se rinden\u201d, asever\u00f3.<\/p>\n<p><span class=\"il\">El<\/span>\u00a0Gobernador mexiquense\u00a0<span class=\"il\">y<\/span>\u00a0la Presidenta Honoraria\u00a0<span class=\"il\">del<\/span>\u00a0DIFEM recorrieron las instalaciones\u00a0<span class=\"il\">del<\/span>\u00a0<span class=\"il\">Centro<\/span>\u00a0<span class=\"il\">Estatal<\/span>\u00a0de\u00a0<span class=\"il\">Rehabilitaci\u00f3n<\/span>\u00a0<span class=\"il\">Zona<\/span>\u00a0<span class=\"il\">Norte<\/span>,\u00a0<span class=\"il\">el<\/span>\u00a0cual cuenta con \u00e1reas de\u00a0<span class=\"il\">rehabilitaci\u00f3n<\/span>, traumatolog\u00eda\u00a0<span class=\"il\">y<\/span>\u00a0ortopedia, pediatr\u00eda, audiolog\u00eda, rayos X, ultrasonido, hidroterapia, psicolog\u00eda, actividades de la vida diaria, gimnasio terap\u00e9utico, terapia ocupacional, entre otros.<\/p>\n<\/div>\n","protected":false},"excerpt":{"rendered":"<div class=\"mh-excerpt\"><p>\u2022 Refiere Gobernador\u00a0Alfredo\u00a0Del\u00a0Mazo\u00a0que se trabaja para hacer que\u00a0el\u00a0Edom\u00e9x cuente con la mayor\u00a0y\u00a0la mejor red de <a class=\"mh-excerpt-more\" href=\"https:\/\/foro1025.mx\/?p=22746\" title=\"Inauguran Alfredo Del Mazo y Fernanda Castillo, el Centro Estatal de Rehabilitaci\u00f3n Zona Norte, en Atlacomulco\">&#8230;<\/a><\/p>\n<\/div>","protected":false},"author":1,"featured_media":0,"comment_status":"closed","ping_status":"closed","sticky":false,"template":"","format":"standard","meta":{"footnotes":""},"categories":[13],"tags":[],"class_list":{"0":"post-22746","1":"post","2":"type-post","3":"status-publish","4":"format-standard","6":"category-estado-de-mexico"},"_links":{"self":[{"href":"https:\/\/foro1025.mx\/index.php?rest_route=\/wp\/v2\/posts\/22746","targetHints":{"allow":["GET"]}}],"collection":[{"href":"https:\/\/foro1025.mx\/index.php?rest_route=\/wp\/v2\/posts"}],"about":[{"href":"https:\/\/foro1025.mx\/index.php?rest_route=\/wp\/v2\/types\/post"}],"author":[{"embeddable":true,"href":"https:\/\/foro1025.mx\/index.php?rest_route=\/wp\/v2\/users\/1"}],"replies":[{"embeddable":true,"href":"https:\/\/foro1025.mx\/index.php?rest_route=%2Fwp%2Fv2%2Fcomments&post=22746"}],"version-history":[{"count":2,"href":"https:\/\/foro1025.mx\/index.php?rest_route=\/wp\/v2\/posts\/22746\/revisions"}],"predecessor-version":[{"id":22749,"href":"https:\/\/foro1025.mx\/index.php?rest_route=\/wp\/v2\/posts\/22746\/revisions\/22749"}],"wp:attachment":[{"href":"https:\/\/foro1025.mx\/index.php?rest_route=%2Fwp%2Fv2%2Fmedia&parent=22746"}],"wp:term":[{"taxonomy":"category","embeddable":true,"href":"https:\/\/foro1025.mx\/index.php?rest_route=%2Fwp%2Fv2%2Fcategories&post=22746"},{"taxonomy":"post_tag","embeddable":true,"href":"https:\/\/foro1025.mx\/index.php?rest_route=%2Fwp%2Fv2%2Ftags&post=22746"}],"curies":[{"name":"wp","href":"https:\/\/api.w.org\/{rel}","templated":true}]}}