{"id":22783,"date":"2022-11-30T00:29:46","date_gmt":"2022-11-30T06:29:46","guid":{"rendered":"https:\/\/foro1025.mx\/?p=22783"},"modified":"2022-12-02T00:32:22","modified_gmt":"2022-12-02T06:32:22","slug":"gobierno-de-tlalnepantla-pone-en-marcha-el-programa-salud-y-educacion-de-10","status":"publish","type":"post","link":"https:\/\/foro1025.mx\/?p=22783","title":{"rendered":"Gobierno de Tlalnepantla pone en marcha el programa \u00abSalud y Educaci\u00f3n de 10\u00bb"},"content":{"rendered":"<p class=\"p3\"><em>\u25cf Es una vertiente del programa municipal Fortalecimiento Educativo y atender\u00e1 la salud visual, auditiva, bucal, psicol\u00f3gica, ortop\u00e9dica y mental de las ni\u00f1as y ni\u00f1os<\/em><\/p>\n<p class=\"p3\"><em>\u25cf Se les otorgar\u00e1n de manera gratuita lentes, aparatos auditivos, plantillas ortop\u00e9dicas y todo lo que los estudiantes requieran<\/em><\/p>\n<p class=\"p5\">Cumpliendo el compromiso de procurar el bienestar integral de la ni\u00f1ez tlalnepantlense, el Presidente Municipal, Marco Antonio Rodr\u00edguez Hurtado puso en marcha el programa \u201cSalud y Educaci\u00f3n de 10\u201d, mediante el cual se dar\u00e1 atenci\u00f3n m\u00e9dica a las ni\u00f1as y ni\u00f1os de las escuelas para prevenir y en su caso atender alguna enfermedad.<\/p>\n<p class=\"p5\">Acompa\u00f1ado por su esposa Mar\u00eda G\u00f3mez Mart\u00ednez, Presidenta Honoraria del Sistema Municipal DIF, el Alcalde reiter\u00f3 la importancia de atender de manera preventiva la salud de las ni\u00f1as y ni\u00f1os, abarcando aspectos fundamentales como la salud visual, auditiva, dental, ortop\u00e9dica, psicol\u00f3gica y nutricional.<\/p>\n<p class=\"p5\">Detall\u00f3 que para ello, a cada escuela llegar\u00e1 la jornada con el equipo m\u00e9dico y tecnol\u00f3gico necesario para revisar a cada alumno, previa autorizaci\u00f3n del padre,madre o tutor, a trav\u00e9s de un carnet que se les entregar\u00e1,<span class=\"Apple-converted-space\">\u00a0 <\/span>y todo bajo la supervisi\u00f3n de un Comit\u00e9 de Salud integrado por padres de familia de la instituci\u00f3n educativa, conformando un expediente por cada estudiante.<\/p>\n<p class=\"p5\">Agreg\u00f3 que a los ni\u00f1os no se les dar\u00e1 ning\u00fan tipo de informaci\u00f3n, sin embargo, de manera interna en el Comit\u00e9 se dar\u00e1 seguimiento puntual a los posibles problemas que se detecten, otorg\u00e1ndoles lentes, aparatos auditivos y plantillas ortop\u00e9dicas gratuitamente, adem\u00e1s de que en caso de requerirse ser\u00e1n canalizados a instituciones especializadas.<\/p>\n<p class=\"p5\">\u201cQueremos ni\u00f1os sanos, ni\u00f1os fuertes, ni\u00f1os que les guste un deporte, una disciplina y eso es lo que buscamos, por eso hoy hacemos el lanzamiento de este intenso programa que es para todas las escuelas p\u00fablicas de nuestro municipio y vamos a ir avanzando, porque despu\u00e9s vamos a entrar a la secundaria y ya son otros temas de prevenci\u00f3n de adicciones, de embarazo y de otros temas que son graves y que est\u00e1n dentro de nuestra sociedad\u201d, afirm\u00f3 el Mun\u00edcipe.<\/p>\n<p class=\"p5\">Reconoci\u00f3 que tras la pandemia ahora es necesario hacer frente a las repercusiones que \u00e9sta dej\u00f3, de ah\u00ed la iniciativa de que el programa Fortalecimiento Educativo contemple la vertiente de salud, rubro que ser\u00e1 prioritario.<\/p>\n<p class=\"p5\">\u201cVale la pena poder apostar e invertir en algo s\u00f3lido que son nuestras familias de Tlalnepantla, por ello, seguimos trabajando en este gobierno que tiene ideas claras, fuertes y s\u00f3lidas en favor de nuestros tlalnepantlenses\u201d, afirm\u00f3 Tony Rodr\u00edguez.<\/p>\n<p class=\"p5\">El Alcalde fue enf\u00e1tico al se\u00f1alar que por ning\u00fan motivo ni un alumno saldr\u00e1 de las escuelas, ya que todo ser\u00e1 ah\u00ed mismo, as\u00ed como tampoco se tendr\u00e1 comunicaci\u00f3n directa con los ni\u00f1os, sino que ser\u00e1 a trav\u00e9s del Comit\u00e9 que se traten los asuntos detectados.<\/p>\n<p class=\"p5\">En este evento realizado en la primaria Germ\u00e1n de Campo, en San Andr\u00e9s Atenco, la Directora de Salud, Linda Herrera, refiri\u00f3 que este programa busca fomentar una cultura de autocuidado en la prevenci\u00f3n de la salud en los ni\u00f1os y las ni\u00f1as del municipio, dando prioridad a las comunidades m\u00e1s vulnerables y de mayor riesgo.<\/p>\n<p class=\"p5\">Puntualiz\u00f3 que se atender\u00e1 con ex\u00e1menes de la vista la salud visual, aspecto que se vio afectado por la pandemia, aumentando el riesgo de padecer miop\u00eda, fatiga visual y ojo seco; de igual forma, se priorizar\u00e1 la salud auditiva, realizando audiometr\u00edas gratuitas.<\/p>\n<p class=\"p5\">En salud ortop\u00e9dica se efectuar\u00e1 una exploraci\u00f3n f\u00edsica para verificar que no tienen problemas de pie plano o alguna otra patolog\u00eda; en salud bucal se revisar\u00e1 minuciosamente para detectar posibles caries y se ense\u00f1ar\u00e1 el correcto uso del cepillo dental y aplicaci\u00f3n de fl\u00faor; en salud nutricional se revisar\u00e1 peso y talla para determinar su \u00edndice de masa corporal y ofrecer una gu\u00eda de alimentaci\u00f3n sana, econ\u00f3mica y personalizada; y finalmente, en salud mental se identificar\u00e1n problemas de conducta, ansiedad y depresi\u00f3n que muchas veces no son tratados a tiempo.<\/p>\n<p class=\"p5\">Ante autoridades municipales, educativas y padres de familia que se dieron cita a este evento, la directora de la primar\u00eda Germ\u00e1n de Campo, Patricia Barrera agradeci\u00f3 al Presidente Municipal, Tony Rodr\u00edguez, por transformar sus promesas en acciones que benefician a la sociedad.<\/p>\n<p class=\"p5\">\u201cMe queda claro que para usted la educaci\u00f3n no representa el gasto de la administraci\u00f3n de un gobierno, por el contrario, lo noto convencido que cada uno de sus programas de infraestructura, deportivos, tecnol\u00f3gicos, becas y salud, son una inversi\u00f3n que permitir\u00e1 formar hombres y mujeres,<span class=\"Apple-converted-space\">\u00a0 <\/span>ni\u00f1os y ni\u00f1as en la lucha de una mejor calidad de vida\u201d, concluy\u00f3.<\/p>\n","protected":false},"excerpt":{"rendered":"<div class=\"mh-excerpt\"><p>\u25cf Es una vertiente del programa municipal Fortalecimiento Educativo y atender\u00e1 la salud visual, auditiva, <a class=\"mh-excerpt-more\" href=\"https:\/\/foro1025.mx\/?p=22783\" title=\"Gobierno de Tlalnepantla pone en marcha el programa \u00abSalud y Educaci\u00f3n de 10\u00bb\">&#8230;<\/a><\/p>\n<\/div>","protected":false},"author":1,"featured_media":0,"comment_status":"closed","ping_status":"closed","sticky":false,"template":"","format":"standard","meta":{"footnotes":""},"categories":[16],"tags":[],"class_list":{"0":"post-22783","1":"post","2":"type-post","3":"status-publish","4":"format-standard","6":"category-tlalnepantla"},"_links":{"self":[{"href":"https:\/\/foro1025.mx\/index.php?rest_route=\/wp\/v2\/posts\/22783","targetHints":{"allow":["GET"]}}],"collection":[{"href":"https:\/\/foro1025.mx\/index.php?rest_route=\/wp\/v2\/posts"}],"about":[{"href":"https:\/\/foro1025.mx\/index.php?rest_route=\/wp\/v2\/types\/post"}],"author":[{"embeddable":true,"href":"https:\/\/foro1025.mx\/index.php?rest_route=\/wp\/v2\/users\/1"}],"replies":[{"embeddable":true,"href":"https:\/\/foro1025.mx\/index.php?rest_route=%2Fwp%2Fv2%2Fcomments&post=22783"}],"version-history":[{"count":1,"href":"https:\/\/foro1025.mx\/index.php?rest_route=\/wp\/v2\/posts\/22783\/revisions"}],"predecessor-version":[{"id":22785,"href":"https:\/\/foro1025.mx\/index.php?rest_route=\/wp\/v2\/posts\/22783\/revisions\/22785"}],"wp:attachment":[{"href":"https:\/\/foro1025.mx\/index.php?rest_route=%2Fwp%2Fv2%2Fmedia&parent=22783"}],"wp:term":[{"taxonomy":"category","embeddable":true,"href":"https:\/\/foro1025.mx\/index.php?rest_route=%2Fwp%2Fv2%2Fcategories&post=22783"},{"taxonomy":"post_tag","embeddable":true,"href":"https:\/\/foro1025.mx\/index.php?rest_route=%2Fwp%2Fv2%2Ftags&post=22783"}],"curies":[{"name":"wp","href":"https:\/\/api.w.org\/{rel}","templated":true}]}}