{"id":22824,"date":"2022-12-01T01:47:47","date_gmt":"2022-12-01T07:47:47","guid":{"rendered":"https:\/\/foro1025.mx\/?p=22824"},"modified":"2022-12-02T01:50:16","modified_gmt":"2022-12-02T07:50:16","slug":"presenta-pri-mexiquense-estructura-operativa-por-la-defensa-del-estado-de-mexico","status":"publish","type":"post","link":"https:\/\/foro1025.mx\/?p=22824","title":{"rendered":"Presenta PRI mexiquense estructura operativa por la defensa del Estado de M\u00e9xico"},"content":{"rendered":"<p class=\"p1\">Se\u00f1ala la Coordinadora por la Defensa del Estado de M\u00e9xico, Alejandra Del Moral, que la estructura est\u00e1 conformada por hombres y mujeres capaces que saben dar resultados.<\/p>\n<p class=\"p1\">Destaca el Presidente del Comit\u00e9 Directivo Estatal del PRI, Eric Sevilla, que el partido tricolor est\u00e1 m\u00e1s unido y se siguen incorporando los mejores priistas.<\/p>\n<p class=\"p1\">Conforman la Estructura Operativa<span class=\"Apple-converted-space\">\u00a0 <\/span>11 Coordinadores Territoriales y una Coordinaci\u00f3n de Planeaci\u00f3n Estrat\u00e9gica.<\/p>\n<p class=\"p1\">El Presidente del Comit\u00e9 Directivo Estatal del Partido Revolucionario Institucional (PRI), Eric Sevilla, y la Coordinadora por la Defensa del Estado de M\u00e9xico, Alejandra Del Moral Vela, presentaron a la Estructura Operativa que dar\u00e1 eficacia pol\u00edtica y territorial a la defensa de la entidad mexiquense.<\/p>\n<p class=\"p1\">Indicaron que se integra por hombres y mujeres con experiencia, capacidad, que han recorrido el Estado de M\u00e9xico y que dan resultados, quienes han enfrentando la adversidad y han salido adelante, dispuestos a dar la vida por su Estado.<\/p>\n<p class=\"p1\">\u201cEn mi calidad de Coordinadora por la Defensa del Estado de M\u00e9xico he invitado a muchas personas destacadas en todos los \u00e1mbitos de la vida de nuestro Estado, quienes tienen ideas, experiencia y trabajo para aportar.<\/p>\n<p class=\"p1\">\u00abEste equipo representa a todos los sectores de la sociedad: mujeres, j\u00f3venes, empresarios, trabajadores, productores, comerciantes, maestros, deportistas, transportistas.<\/p>\n<p class=\"p1\">\u201cTrabajaremos con un \u00e9nfasis muy importante en la sociedad civil, con la representaci\u00f3n de cada persona sumada a este proyecto, vamos a defender cada rinc\u00f3n del Estado de M\u00e9xico\u201d, enfatiz\u00f3 Del Moral Vela ante l\u00edderes pri\u00edstas y<span class=\"Apple-converted-space\">\u00a0 <\/span>Diputados locales y federales de esta fuerza pol\u00edtica.<\/p>\n<p class=\"p1\">Inform\u00f3 que se integran a esta Estructura Operativa Alejandro Ozuna Rivero como Coordinador de Planeaci\u00f3n Estrat\u00e9gica, adem\u00e1s de 11 Coordinadores Territoriales: Tanya Rellstab Carreto en la regi\u00f3n Valle de Bravo \u2013 Tejupilco; Alma Quiles,<span class=\"Apple-converted-space\">\u00a0 <\/span>en la regi\u00f3n de Los Volcanes; Ricardo Enr\u00edquez,<span class=\"Apple-converted-space\">\u00a0 <\/span>regi\u00f3n<span class=\"Apple-converted-space\">\u00a0 <\/span>de La Paz; Aar\u00f3n Urbina Bedolla, en la regi\u00f3n Nezahualc\u00f3yotl.<\/p>\n<p class=\"p1\">Tambi\u00e9n Eduardo Bernal en la regi\u00f3n de Zumpango; Gustavo C\u00e1rdenas en la regi\u00f3n Atlacomulco; Ra\u00fal Dom\u00ednguez Rex en la regi\u00f3n Ecatepec;<span class=\"Apple-converted-space\">\u00a0 <\/span>Cruz Juvenal Roa en la regi\u00f3n Ixtapan de la Sal; H\u00e9ctor Jim\u00e9nez en la regi\u00f3n de Naucalpan y Jos\u00e9 Manzur Quiroga como Coordinador de Operaci\u00f3n Pol\u00edtica.<\/p>\n<p class=\"p1\">Agreg\u00f3 que quienes se suman a este equipo buscar\u00e1n cuidar los avances logrados en el Edom\u00e9x, promoviendo los principios y valores que definen al tricolor, la lealtad, la institucionalidad, la entrega y el amor por la entidad mexiquense, y tendr\u00e1n tareas espec\u00edficas que coordinar\u00e1 Alejandro Ozuna.<\/p>\n<p class=\"p1\">La Coordinadora Alejandra Del Moral expres\u00f3 que se continuar\u00e1 trabajando en la consolidaci\u00f3n de una alianza con otras fuerzas pol\u00edticas y con la sociedad civil organizada.<\/p>\n<p class=\"p1\">\u201cSomos priistas, y somos aliancistas, seguiremos trabajando en la consolidaci\u00f3n de una alianza amplia, plural y abierta, no solamente con nuestros aliados Acci\u00f3n Nacional y el Partido de la Revoluci\u00f3n Democr\u00e1tica, tambi\u00e9n queremos una alianza con la sociedad civil organizada, y, sobre todo, este ser\u00e1 el inicio del primer gobierno de coalici\u00f3n en la historia del Estado de M\u00e9xico\u201d, sostuvo.<\/p>\n<p class=\"p1\">Apunt\u00f3 que es tiempo de trabajar unidos para cuidar los avances del Estado de M\u00e9xico y de la sociedad, y agreg\u00f3 que los programas y las instituciones creadas por esta fuerza pol\u00edtica son referente a nivel nacional y dan identidad al Edom\u00e9x, consiguiendo dar rumbo para mejorar la calidad de vida de los mexiquenses.<\/p>\n<p class=\"p1\">\u201cLos priistas hemos logrado construir un legado que nos coloca como una entidad relevante para todo el pa\u00eds e indispensable para el crecimiento de M\u00e9xico\u201d, subray\u00f3.<\/p>\n<p class=\"p1\">Del Moral Vela manifest\u00f3 que el objetivo es el bienestar de las familias mexiquenses, por lo que el PRI del Edom\u00e9x es una fuerza viva, un partido grande que tiene su fortaleza en su militancia, en su experiencia y en los resultados que avalan al partido tricolor.<\/p>\n<p class=\"p1\">Destac\u00f3 que el PRI defiende las causas sociales, buscan soluciones y construyen y defienden las instituciones, por eso, dijo, \u201ces hora de hacer valer nuestra importancia, es momento de dimensionar lo que somos y lo que tenemos\u201d.<\/p>\n<p class=\"p1\">Asever\u00f3 que es momento de construir un Estado de M\u00e9xico con m\u00e1s oportunidades para las familias, impulsando cambios que les permitan vivir mejor en el Edom\u00e9x y en el pa\u00eds, con una mejor sociedad.<\/p>\n<p class=\"p1\">\u201cEl Edom\u00e9x es nuestra casa, aqu\u00ed hemos construido el hogar de nuestras familias, es un orgullo haber nacido en esta tierra, y todos estamos obligados a cuidarla, esta tierra es sagrada, se construy\u00f3 con esfuerzo, y se defiende con la fuerza, con alma, coraz\u00f3n y vida, estamos aqu\u00ed porque nos mueve el amor por las familias, vamos a sacar lo mejor de nosotros para seguir construyendo un mejor futuro para nuestros hijos, para nuestros padres y madres, para nuestras hermanas y nuestros hermanos\u201d , puntualiz\u00f3.<\/p>\n<p class=\"p1\">La Coordinadora Alejandra Del Moral indic\u00f3 que las mujeres mexiquenses son muestra de voluntad y de valent\u00eda, y las priistas ser\u00e1n las principales promotoras del Estado de M\u00e9xico.<\/p>\n<p class=\"p1\">\u201cNuestro partido ha entendido que la fuerza de las mujeres es lo est\u00e1 cambiando al mundo, las mujeres mexiquenses somos muestra de voluntad, pero, sobre todo, somos muestra de valent\u00eda, las mujeres priistas somos las m\u00e1s trabajadoras, las m\u00e1s aguerridas, las m\u00e1s entusiasmadas, y las menos achicadas, las mujeres seremos las principales promotoras del Estado de M\u00e9xico\u201d, afirm\u00f3.<\/p>\n<p class=\"p1\">En el PRI estamos m\u00e1s unidos y se siguen incorporando los mejores priistas, los m\u00e1s capaces, experimentados y decididos, asegur\u00f3 el Presidente del Comit\u00e9 Directivo Estatal (CDE) del PRI en el Estado de M\u00e9xico, Eric Sevilla, al destacar que son mujeres y hombres que participan en el lado correcto de la historia.<\/p>\n<p class=\"p1\">Nuestro instituto reclama lo mejor de nosotros, para seguir dando forma a la entidad y a la naci\u00f3n que aspiramos y para preservar los ideales de libertad, igualdad y justicia.<\/p>\n<p class=\"p1\">\u201cEstimada Coordinadora, tienes toda la confianza y el respaldo de los priistas para defender al Estado de M\u00e9xico\u201d, resalt\u00f3 el dirigente estatal.<\/p>\n<p class=\"p1\">En su mensaje, el l\u00edder tricolor subray\u00f3 que en Alejandra Del Moral incrustamos esta responsabilidad, para que desde la Coordinaci\u00f3n a su cargo nos represente a todos. \u201cSomos depositarios de la confianza de millones de mexiquenses, convencidos de que es posible tener un futuro m\u00e1s alentador\u201d, a\u00f1adi\u00f3.<\/p>\n<p class=\"p1\">Nuestro entidad es pilar de la Rep\u00fablica y merece ser defendido de la ocurrencia, la improvisaci\u00f3n y el autoritarismo, dijo Eric Sevilla al resaltar que somos la entidad de los cambios, del progreso y de los resultados. Tenemos un Gobernador serio, honesto, firme, que cumple y que ha marcado la ruta para que los mexiquenses, volvamos a creer en que es posible alcanzar nuestros sue\u00f1os, puntualiz\u00f3.<\/p>\n","protected":false},"excerpt":{"rendered":"<div class=\"mh-excerpt\"><p>Se\u00f1ala la Coordinadora por la Defensa del Estado de M\u00e9xico, Alejandra Del Moral, que la <a class=\"mh-excerpt-more\" href=\"https:\/\/foro1025.mx\/?p=22824\" title=\"Presenta PRI mexiquense estructura operativa por la defensa del Estado de M\u00e9xico\">&#8230;<\/a><\/p>\n<\/div>","protected":false},"author":1,"featured_media":0,"comment_status":"closed","ping_status":"closed","sticky":false,"template":"","format":"standard","meta":{"footnotes":""},"categories":[38],"tags":[],"class_list":{"0":"post-22824","1":"post","2":"type-post","3":"status-publish","4":"format-standard","6":"category-partidos-politicos-2"},"_links":{"self":[{"href":"https:\/\/foro1025.mx\/index.php?rest_route=\/wp\/v2\/posts\/22824","targetHints":{"allow":["GET"]}}],"collection":[{"href":"https:\/\/foro1025.mx\/index.php?rest_route=\/wp\/v2\/posts"}],"about":[{"href":"https:\/\/foro1025.mx\/index.php?rest_route=\/wp\/v2\/types\/post"}],"author":[{"embeddable":true,"href":"https:\/\/foro1025.mx\/index.php?rest_route=\/wp\/v2\/users\/1"}],"replies":[{"embeddable":true,"href":"https:\/\/foro1025.mx\/index.php?rest_route=%2Fwp%2Fv2%2Fcomments&post=22824"}],"version-history":[{"count":1,"href":"https:\/\/foro1025.mx\/index.php?rest_route=\/wp\/v2\/posts\/22824\/revisions"}],"predecessor-version":[{"id":22826,"href":"https:\/\/foro1025.mx\/index.php?rest_route=\/wp\/v2\/posts\/22824\/revisions\/22826"}],"wp:attachment":[{"href":"https:\/\/foro1025.mx\/index.php?rest_route=%2Fwp%2Fv2%2Fmedia&parent=22824"}],"wp:term":[{"taxonomy":"category","embeddable":true,"href":"https:\/\/foro1025.mx\/index.php?rest_route=%2Fwp%2Fv2%2Fcategories&post=22824"},{"taxonomy":"post_tag","embeddable":true,"href":"https:\/\/foro1025.mx\/index.php?rest_route=%2Fwp%2Fv2%2Ftags&post=22824"}],"curies":[{"name":"wp","href":"https:\/\/api.w.org\/{rel}","templated":true}]}}