{"id":2377,"date":"2018-06-07T15:44:12","date_gmt":"2018-06-07T20:44:12","guid":{"rendered":"https:\/\/foro1025.mx\/?p=2377"},"modified":"2018-06-07T15:44:12","modified_gmt":"2018-06-07T20:44:12","slug":"detiene-policia-de-ecatepec-a-un-hombre-por-el-delito-de-robo-con-violencia","status":"publish","type":"post","link":"https:\/\/foro1025.mx\/?p=2377","title":{"rendered":"Detiene polic\u00eda de Ecatepec a un hombre por el delito de robo con violencia"},"content":{"rendered":"<p class=\"p3\"><span class=\"s1\"><strong>Ecatepec de Morelos, Estado de M\u00e9xico.-<\/strong> Elementos de la Direcci\u00f3n de Seguridad Ciudadana y Vial de Ecatepec detuvieron a un sujeto por su probable responsabilidad en el delito de robo con violencia. Despu\u00e9s de que intent\u00f3 sustraer un auto, el implicado pretendi\u00f3 huir, en la persecuci\u00f3n hubo detonaciones de arma de fuego contra los polic\u00edas, quienes repelieron la agresi\u00f3n y resultaron ilesos.<\/span><\/p>\n<p class=\"p3\"><span class=\"s1\">De acuerdo con la instituci\u00f3n de seguridad local, durante un recorrido de vigilancia\u00a0\u00a0por el cuadrante 21,\u00a0\u00a0a la altura del fraccionamiento Los H\u00e9roes Ecatepec\u00a0\u00a0Secci\u00f3n II, un\u00a0\u00a0hombre solicit\u00f3 el apoyo de los uniformados debido a que minutos antes lo asaltaron.<\/span><\/p>\n<p class=\"p2\"><span class=\"s1\">La v\u00edctima inform\u00f3 a los elementos que un sujeto lo amag\u00f3 con un arma de fuego para despojarlo de su veh\u00edculo, sin embargo no logr\u00f3 poner en marcha el autom\u00f3vil y sustrajo objetos de valor; posteriormente huy\u00f3 a bordo de otro auto.<\/span><\/p>\n<p class=\"p2\"><span class=\"s1\">Los polic\u00edas\u00a0\u00a0ubicaron la unidad\u00a0y le marcaron el alto, pero aument\u00f3 la velocidad, tom\u00f3 la\u00a0\u00a0Avenida Central\u00a0\u00a0 e \u00a0invadi\u00f3 el carril confinado del Mexib\u00fas; \u00a0\u00a0durante la persecuci\u00f3n los elementos de seguridad fueron atacados con un arma de fuego, quienes respondieron la agresi\u00f3n sin resultar heridos.<\/span><\/p>\n<p class=\"p2\"><span class=\"s1\">Al llegar a la altura de la estaci\u00f3n Central de Abastos, el veh\u00edculo en fuga perdi\u00f3 el control y se impact\u00f3 contra la guarnici\u00f3n; en el lugar polic\u00edas de Ecatepec detuvieron a\u00a0\u00a0Erick N, de 21 a\u00f1os, y tras una revisi\u00f3n en el auto aseguraron un arma de fuego tipo revolver.<\/span><\/p>\n<p class=\"p2\"><span class=\"s1\">Luego de hacerle saber sus derechos, el hombre fue trasladado ante el Ministerio P\u00fablico en San Crist\u00f3bal para determinar su situaci\u00f3n jur\u00eddica, en el lugar la v\u00edctima reconoci\u00f3 plenamente a su agresor y present\u00f3 la denuncia correspondiente.<\/span><\/p>\n<p class=\"p4\"><span class=\"s1\">Las autoridades de Ecatepec recuerdan que los ciudadanos pueden llamar al 911 como n\u00famero \u00fanico de llamadas de Emergencia para solicitar el apoyo de la Polic\u00eda Municipal, la Secretar\u00eda de Seguridad del Estado de M\u00e9xico y cuerpos de emergencia en general, adem\u00e1s de realizar denuncias an\u00f3nimas.<\/span>tiene<\/p>\n","protected":false},"excerpt":{"rendered":"<div class=\"mh-excerpt\"><p>Ecatepec de Morelos, Estado de M\u00e9xico.- Elementos de la Direcci\u00f3n de Seguridad Ciudadana y Vial <a class=\"mh-excerpt-more\" href=\"https:\/\/foro1025.mx\/?p=2377\" title=\"Detiene polic\u00eda de Ecatepec a un hombre por el delito de robo con violencia\">&#8230;<\/a><\/p>\n<\/div>","protected":false},"author":1,"featured_media":0,"comment_status":"open","ping_status":"open","sticky":false,"template":"","format":"standard","meta":{"footnotes":""},"categories":[11,9],"tags":[],"class_list":{"0":"post-2377","1":"post","2":"type-post","3":"status-publish","4":"format-standard","6":"category-ecatepec","7":"category-seguridad"},"_links":{"self":[{"href":"https:\/\/foro1025.mx\/index.php?rest_route=\/wp\/v2\/posts\/2377","targetHints":{"allow":["GET"]}}],"collection":[{"href":"https:\/\/foro1025.mx\/index.php?rest_route=\/wp\/v2\/posts"}],"about":[{"href":"https:\/\/foro1025.mx\/index.php?rest_route=\/wp\/v2\/types\/post"}],"author":[{"embeddable":true,"href":"https:\/\/foro1025.mx\/index.php?rest_route=\/wp\/v2\/users\/1"}],"replies":[{"embeddable":true,"href":"https:\/\/foro1025.mx\/index.php?rest_route=%2Fwp%2Fv2%2Fcomments&post=2377"}],"version-history":[{"count":1,"href":"https:\/\/foro1025.mx\/index.php?rest_route=\/wp\/v2\/posts\/2377\/revisions"}],"predecessor-version":[{"id":2385,"href":"https:\/\/foro1025.mx\/index.php?rest_route=\/wp\/v2\/posts\/2377\/revisions\/2385"}],"wp:attachment":[{"href":"https:\/\/foro1025.mx\/index.php?rest_route=%2Fwp%2Fv2%2Fmedia&parent=2377"}],"wp:term":[{"taxonomy":"category","embeddable":true,"href":"https:\/\/foro1025.mx\/index.php?rest_route=%2Fwp%2Fv2%2Fcategories&post=2377"},{"taxonomy":"post_tag","embeddable":true,"href":"https:\/\/foro1025.mx\/index.php?rest_route=%2Fwp%2Fv2%2Ftags&post=2377"}],"curies":[{"name":"wp","href":"https:\/\/api.w.org\/{rel}","templated":true}]}}