{"id":239,"date":"2016-04-05T11:54:59","date_gmt":"2016-04-05T16:54:59","guid":{"rendered":"https:\/\/foro1025.mx\/?p=239"},"modified":"2016-04-05T11:54:59","modified_gmt":"2016-04-05T16:54:59","slug":"interesante-muestra-sobre-las-boticas-mexicanas-en-el-centro-cultural-mexiquense","status":"publish","type":"post","link":"https:\/\/foro1025.mx\/?p=239","title":{"rendered":"Interesante muestra sobre las boticas mexicanas en el Centro Cultural Mexiquense."},"content":{"rendered":"<ul class=\"ul1\">\n<li class=\"li3\">\n<h5><i>Las boticas se convirtieron en punto de reuni\u00f3n de personajes importantes de pueblos y ciudades.<\/i><\/h5>\n<\/li>\n<\/ul>\n<p class=\"p5\">El Museo de Culturas Populares, administrado por la Secretar\u00eda de Cultura del Estado de M\u00e9xico promueve exposiciones temporales de disciplinas tales como artes visuales, m\u00fasica, literatura, historia, artesan\u00eda, entre muchas otras.<\/p>\n<p class=\"p5\">Con la intenci\u00f3n de dar a conocer un aspecto muy importante en la historia de M\u00e9xico, se ha inaugurado la exposici\u00f3n \u201cLa botica mexicana, de la \u00e9poca colonial al M\u00e9xico independiente\u201d en la que se presenta la colecci\u00f3n personal del maestro Juan Baca Latisnere.<\/p>\n<p class=\"p5\">En esta ceremonia de inauguraci\u00f3n participaron autoridades de la Secretar\u00eda: Director General de Patrimonio y Servicios Culturales, Felipe Gonz\u00e1lez Solano, el Director de Patrimonio Cultural, Alejandro Balc\u00e1zar Gonz\u00e1lez, la Directora del museo anfitri\u00f3n, Thelma Morales Garc\u00eda y el Subdirector de Acervo Cultural, Carlos H\u00e9ctor Torres Tello.<\/p>\n<p class=\"p5\">Durante el recorrido por la sala que alberga esta muestra, el maestro Juan Baca Latisnere dio una amplia explicaci\u00f3n sobre el origen de las boticas, sus funciones y caracter\u00edsticas; asimismo habl\u00f3 sobre los jardines bot\u00e1nicos que ten\u00edan los conventos y de c\u00f3mo cultivaban las plantas medicinales que eran tra\u00eddas de Espa\u00f1a.<\/p>\n<p class=\"p5\">Destac\u00f3 el trabajo realizado por un mexiquense de Temascaltepec, Jos\u00e9 Mariano Moci\u00f1o, quien estuvo a cargo, durante varios a\u00f1os, del primer jard\u00edn bot\u00e1nico que existi\u00f3 en la ciudad de M\u00e9xico, ubicado en la parte posterior del Palacio Virreinal (Palacio Nacional).<\/p>\n<p class=\"p5\">Esta exposici\u00f3n cuenta con la particularidad de tener ambientadas dos boticas, una mexicana del a\u00f1o 1780 y la del convento del Carmen; en ellas se puede apreciar 187 frascos de cer\u00e1mica (botamens) de bajo fuego que en un principio se elaboraban en Espa\u00f1a y posteriormente en M\u00e9xico, Puebla, Guanajuato y algunas extraordinarias en Metepec, Estado de M\u00e9xico a finales del siglo XVIII.<\/p>\n<p class=\"p5\">Muy importante fue la funci\u00f3n que tuvo la farmacopea, libro que recopilaba las recetas de productos con propiedades medicinales reales o ficticias en las que se inclu\u00edan elementos de su composici\u00f3n y modo de preparaci\u00f3n y que eran obligatorios en todas las boticas.<\/p>\n<p class=\"p5\">Otros objetos tambi\u00e9n se integran en esta muestra haciendo un total de 216 piezas que se pueden conocer hasta el 12 de junio, tiempo durante el cual se llevar\u00e1n a cabo presentaciones<span class=\"Apple-converted-space\">\u00a0 <\/span>literarias y conferencias en torno a las boticas.<img loading=\"lazy\" decoding=\"async\" class=\"aligncenter size-large wp-image-240\" src=\"https:\/\/foro1025.mx\/wp-content\/uploads\/2016\/04\/cultura-2-1024x683.jpg\" alt=\"cultura 2\" width=\"676\" height=\"451\" \/><\/p>\n","protected":false},"excerpt":{"rendered":"<div class=\"mh-excerpt\"><p>Las boticas se convirtieron en punto de reuni\u00f3n de personajes importantes de pueblos y ciudades. <a class=\"mh-excerpt-more\" href=\"https:\/\/foro1025.mx\/?p=239\" title=\"Interesante muestra sobre las boticas mexicanas en el Centro Cultural Mexiquense.\">&#8230;<\/a><\/p>\n<\/div>","protected":false},"author":1,"featured_media":0,"comment_status":"open","ping_status":"open","sticky":false,"template":"","format":"standard","meta":{"footnotes":""},"categories":[13],"tags":[],"class_list":{"0":"post-239","1":"post","2":"type-post","3":"status-publish","4":"format-standard","6":"category-estado-de-mexico"},"_links":{"self":[{"href":"https:\/\/foro1025.mx\/index.php?rest_route=\/wp\/v2\/posts\/239","targetHints":{"allow":["GET"]}}],"collection":[{"href":"https:\/\/foro1025.mx\/index.php?rest_route=\/wp\/v2\/posts"}],"about":[{"href":"https:\/\/foro1025.mx\/index.php?rest_route=\/wp\/v2\/types\/post"}],"author":[{"embeddable":true,"href":"https:\/\/foro1025.mx\/index.php?rest_route=\/wp\/v2\/users\/1"}],"replies":[{"embeddable":true,"href":"https:\/\/foro1025.mx\/index.php?rest_route=%2Fwp%2Fv2%2Fcomments&post=239"}],"version-history":[{"count":1,"href":"https:\/\/foro1025.mx\/index.php?rest_route=\/wp\/v2\/posts\/239\/revisions"}],"predecessor-version":[{"id":242,"href":"https:\/\/foro1025.mx\/index.php?rest_route=\/wp\/v2\/posts\/239\/revisions\/242"}],"wp:attachment":[{"href":"https:\/\/foro1025.mx\/index.php?rest_route=%2Fwp%2Fv2%2Fmedia&parent=239"}],"wp:term":[{"taxonomy":"category","embeddable":true,"href":"https:\/\/foro1025.mx\/index.php?rest_route=%2Fwp%2Fv2%2Fcategories&post=239"},{"taxonomy":"post_tag","embeddable":true,"href":"https:\/\/foro1025.mx\/index.php?rest_route=%2Fwp%2Fv2%2Ftags&post=239"}],"curies":[{"name":"wp","href":"https:\/\/api.w.org\/{rel}","templated":true}]}}