{"id":247,"date":"2016-04-05T15:49:13","date_gmt":"2016-04-05T20:49:13","guid":{"rendered":"https:\/\/foro1025.mx\/?p=247"},"modified":"2016-04-05T15:49:13","modified_gmt":"2016-04-05T20:49:13","slug":"huixquilucan-trabaja-para-ser-un-municipio-saludable","status":"publish","type":"post","link":"https:\/\/foro1025.mx\/?p=247","title":{"rendered":"Huixquilucan trabaja para ser un municipio saludable."},"content":{"rendered":"<div id=\"yui_3_16_0_ym19_1_1459881557796_7710\" class=\"body undoreset\" tabindex=\"0\">\n<div id=\"yui_3_16_0_ym19_1_1459881557796_7709\" class=\"email-wrapped\">\n<div id=\"yiv1550446094\">\n<div id=\"yui_3_16_0_ym19_1_1459881557796_7708\" dir=\"ltr\">\n<h5 id=\"yui_3_16_0_ym19_1_1459881557796_7730\" class=\"yiv1550446094MsoNormal\" style=\"text-align: left;\" align=\"center\">\u00a0\u00a0<span id=\"yui_3_16_0_ym19_1_1459881557796_7854\">Se conform\u00f3 el Comit\u00e9 Municipal de Salud en Huixquilucan.<\/span><\/h5>\n<p id=\"yui_3_16_0_ym19_1_1459881557796_7726\" class=\"yiv1550446094MsoNormal\"><b>\u00a0<\/b><span id=\"yui_3_16_0_ym19_1_1459881557796_7724\">Al tomar protesta como presidente del Comit\u00e9 Municipal de Salud, el alcalde de Huixquilucan, Enrique Vargas del Villar, recalc\u00f3 que su gobierno trabajar\u00e1 para que los ciudadanos tengan un municipio saludable y se sume a la red de localidades por la salud.<\/span><\/p>\n<p class=\"yiv1550446094MsoNormal\"><span id=\"yui_3_16_0_ym19_1_1459881557796_7721\">Acompa\u00f1ado por Rom\u00e1n Vel\u00e1zquez Mondrag\u00f3n, representante del Secretario de Salud del Gobierno del Estado de M\u00e9xico, por la Presidenta del Sistema Municipal para el Desarrollo Integral de la Familia, Romina Contreras, el Edil reconoci\u00f3 el rezago que se enfrenta en la materia, debido a que pasadas administraciones no le pusieron atenci\u00f3n, \u201cpero \u00e9ste gobierno realizar\u00e1 un trabajo muy importante para que haya un Huixquilucan saludable\u201d, destac\u00f3 Vargas del Villar.<\/span><\/p>\n<p class=\"yiv1550446094MsoNormal\"><span id=\"yui_3_16_0_ym19_1_1459881557796_7850\">La sexta regidora Mar\u00eda Eugenia Torres P\u00e9rez de Tejada, vicepresidenta del Comit\u00e9, coment\u00f3 que el fortalecimiento que emprender\u00e1 este gobierno en materia de salud, permitir\u00e1 brindar una mejor calidad de vida a las personas, a trav\u00e9s de la oferta, promoci\u00f3n y servicio para los grupos vulnerables.<\/span><\/p>\n<p class=\"yiv1550446094MsoNormal\"><span id=\"yui_3_16_0_ym19_1_1459881557796_7733\">\u201cProtegeremos el desarrollo pleno de las familias y sus integrantes atendiendo oportunamente sus demandas a trav\u00e9s de estrategias y l\u00edneas de acci\u00f3n que permitir\u00e1n prevenir, detectar y promover la salud en nuestro municipio\u201d, detall\u00f3.<\/span><\/p>\n<p class=\"yiv1550446094MsoNormal\"><span id=\"yui_3_16_0_ym19_1_1459881557796_7855\">En tanto, Leonor Villafranca Salgado, especialista en salud p\u00fablica y jefa de la Jurisdicci\u00f3n Sanitaria 6 del ISEM, quien fungir\u00e1 como Secretaria del Comit\u00e9, destac\u00f3 que el primer paso para que Huixquilucan se convierta en un municipio saludable, es la organizaci\u00f3n de un taller de planeaci\u00f3n\u00a0intersectorial que permita identificar los tres principales problemas en materia de salud en la localidad.<\/span><\/p>\n<p class=\"yiv1550446094MsoNormal\"><span id=\"yui_3_16_0_ym19_1_1459881557796_7735\">Una vez lo anterior, se realizar\u00e1<\/span><span id=\"yui_3_16_0_ym19_1_1459881557796_7713\">\u00a0un plan de trabajo y un proyecto de salud p\u00fablica, que ser\u00e1n presentados ante el pleno del Cabildo para su aval y posterior implementaci\u00f3n; una vez cumplidas las metas trazadas, se solicitar\u00e1 a las autoridades Estales y Federales nombren a Huixquilucan un municipio saludable y sea integrado a la red mexiquense y mexicana de Municipios por la Salud.<\/span><\/p>\n<p class=\"yiv1550446094MsoNormal\"><span id=\"yui_3_16_0_ym19_1_1459881557796_7716\">Este comit\u00e9 contar\u00e1 con 13 vocal\u00edas que atender\u00e1n puntual y oportunamente los temas como atenci\u00f3n a la salud del adulto mayor; urgencias epidemiol\u00f3gicas y desastres naturales; prevenci\u00f3n de adicciones y salud mental; regulaci\u00f3n sanitaria; atenci\u00f3n hospitalaria; salud nutricional y la vocal\u00eda de atenci\u00f3n a la salud del ni\u00f1o, esta \u00faltima encabezada por\u00a0 la presidenta del Sistema Municipal para el Desarrollo Integral de la Familia, Romina Contreras Carrasco.<\/span><\/p>\n<p class=\"yiv1550446094MsoNormal\">\n<\/div>\n<\/div>\n<\/div>\n<\/div>\n","protected":false},"excerpt":{"rendered":"<div class=\"mh-excerpt\"><p>\u00a0\u00a0Se conform\u00f3 el Comit\u00e9 Municipal de Salud en Huixquilucan. \u00a0Al tomar protesta como presidente del <a class=\"mh-excerpt-more\" href=\"https:\/\/foro1025.mx\/?p=247\" title=\"Huixquilucan trabaja para ser un municipio saludable.\">&#8230;<\/a><\/p>\n<\/div>","protected":false},"author":1,"featured_media":0,"comment_status":"open","ping_status":"open","sticky":false,"template":"","format":"standard","meta":{"footnotes":""},"categories":[17],"tags":[],"class_list":{"0":"post-247","1":"post","2":"type-post","3":"status-publish","4":"format-standard","6":"category-huixquilucan"},"_links":{"self":[{"href":"https:\/\/foro1025.mx\/index.php?rest_route=\/wp\/v2\/posts\/247","targetHints":{"allow":["GET"]}}],"collection":[{"href":"https:\/\/foro1025.mx\/index.php?rest_route=\/wp\/v2\/posts"}],"about":[{"href":"https:\/\/foro1025.mx\/index.php?rest_route=\/wp\/v2\/types\/post"}],"author":[{"embeddable":true,"href":"https:\/\/foro1025.mx\/index.php?rest_route=\/wp\/v2\/users\/1"}],"replies":[{"embeddable":true,"href":"https:\/\/foro1025.mx\/index.php?rest_route=%2Fwp%2Fv2%2Fcomments&post=247"}],"version-history":[{"count":1,"href":"https:\/\/foro1025.mx\/index.php?rest_route=\/wp\/v2\/posts\/247\/revisions"}],"predecessor-version":[{"id":249,"href":"https:\/\/foro1025.mx\/index.php?rest_route=\/wp\/v2\/posts\/247\/revisions\/249"}],"wp:attachment":[{"href":"https:\/\/foro1025.mx\/index.php?rest_route=%2Fwp%2Fv2%2Fmedia&parent=247"}],"wp:term":[{"taxonomy":"category","embeddable":true,"href":"https:\/\/foro1025.mx\/index.php?rest_route=%2Fwp%2Fv2%2Fcategories&post=247"},{"taxonomy":"post_tag","embeddable":true,"href":"https:\/\/foro1025.mx\/index.php?rest_route=%2Fwp%2Fv2%2Ftags&post=247"}],"curies":[{"name":"wp","href":"https:\/\/api.w.org\/{rel}","templated":true}]}}