{"id":2518,"date":"2018-06-11T15:54:00","date_gmt":"2018-06-11T20:54:00","guid":{"rendered":"https:\/\/foro1025.mx\/?p=2518"},"modified":"2018-06-11T16:22:38","modified_gmt":"2018-06-11T21:22:38","slug":"niega-accinon-nacional-atizapan-ser-participes-de-actos-de-provocacion-y-de-violencia","status":"publish","type":"post","link":"https:\/\/foro1025.mx\/?p=2518","title":{"rendered":"Niega Acci\u00f3n Nacional Atizap\u00e1n ser part\u00edcipes de actos de provocaci\u00f3n y de violencia"},"content":{"rendered":"<p><em>Por Victoria Segura<\/em><\/p>\n<p class=\"p6\"><span class=\"s1\"><b><i>Atizap\u00e1n de Zaragoza, Estado de M\u00e9xico.-<\/i><\/b><\/span> La candidata a la presidencia municipal de Atizap\u00e1n de Zaragoza, Ana Balderas Trejo, contin\u00faa recorriendo todos los d\u00edas<span class=\"Apple-converted-space\">\u00a0 <\/span>diferentes colonias del municipio, a fin de dar a conocer entre<span class=\"Apple-converted-space\">\u00a0 <\/span>los ciudadanos sus propuestas<span class=\"Apple-converted-space\">\u00a0 <\/span>en mejora municipal.<\/p>\n<p class=\"p6\">Dejando de lado la guerra sucia que Morena ha emprendido en contra de los candidatos del Frente, Balderas Trejo contin\u00faa realizando una campa\u00f1a limpia, transparente y de propuestas, convenciendo a los atizapenses con hechos y palabras que la mejor opci\u00f3n son los candidatos de la Coalici\u00f3n Por El Estado de M\u00e9xico Al Frente.<\/p>\n<p class=\"p6\">Lejos de todo esto y terminar con la guerra sucia, la ma\u00f1ana del d\u00eda de hoy, Miguel \u00c1ngel Ord\u00f3\u00f1ez, declar\u00f3 a los medios de comunicaci\u00f3n que ha recibido informaci\u00f3n en la que se le dijo que se mandaran golpeadores y provocadores para evitar que siga<span class=\"Apple-converted-space\">\u00a0 <\/span>realizando ruedas de prensa, esto con todo el dolo y la intenci\u00f3n de desacreditar a la candidata Ana Balderas Trejo.<\/p>\n<p class=\"p7\">A lo cual, Oscar Cuevas Corona, vocero del Partido Acci\u00f3n Nacional<span class=\"Apple-converted-space\">\u00a0 <\/span>en Atizap\u00e1n, refiri\u00f3 que<span class=\"Apple-converted-space\">\u00a0 <\/span>\u201clos acusados en los tribunales, en los \u00f3rganos electorales y en la Fepade son Miguel \u00c1ngel Ord\u00f3\u00f1ez y Ruth Olvera\u201d.<\/p>\n<p class=\"p7\">Y agreg\u00f3 que \u201cAna Balderas, est\u00e1 ocupada en hacer propuestas a la ciudadan\u00eda, esta denuncia del se\u00f1or Ordo\u00f1ez no es otra cosa que curarse en salud de la estrepitosa derrota que sufrir\u00e1n el pr\u00f3ximo 1 de Julio\u201d.<\/p>\n<p class=\"p7\">\u201cNosotros con pruebas y evidencias,<span class=\"Apple-converted-space\">\u00a0 <\/span>en contra de Morena estamos acudiendo ante las autoridades a denunciar, ya es un h\u00e1bito el del vocero de Morena en lanzar acusaciones al aire sin pruebas\u201d.<\/p>\n<p class=\"p7\">Oscar Cuevas abund\u00f3 que \u201cSabemos que Ordo\u00f1ez no denuncia ante las autoridades porque sabe que mentir ante las autoridades es un delito, \u00e9l acusa medi\u00e1ticamente en los medios de comunicaci\u00f3n con mentiras pero sabe que no tiene consecuencias\u201d.<\/p>\n<p class=\"p7\">As\u00ed mismo, expres\u00f3 que \u201cPero el ir a denunciar falsedades, corre el riesgo de ser descubierto e imputado por rendir falso testimonio y ser detenido en flagrancia<\/p>\n<p class=\"p7\">Nosotros retamos p\u00fablicamente al se\u00f1or Ordo\u00f1ez, a que presente pruebas de sus imputaciones y lo exhortamos a que en los restos de los d\u00edas que quedan de campa\u00f1a se dediquen a hacer proselitismo dentro del \u00e1mbito de la ley<\/p>\n<p class=\"p7\">Basta de que siga lanzando acusaciones inveros\u00edmiles y con el \u00fanico prop\u00f3sito de desprestigiar a nuestra candidata Ana Balderas<\/p>\n<p class=\"p7\">El pasado s\u00e1bado, con diversos videos denunciamos la agresi\u00f3n en contra de nuestra candidata, personas afines a Morena la agredieron verbalmente y poco falto para que lo hicieran f\u00edsicamente<\/p>\n<p class=\"p7\">Con ello, comprobamos de donde proviene la violencia, nosotros seguiremos dentro del \u00e1mbito de la ley y la civilidad pol\u00edtica haciendo campa\u00f1a\u201d, puntualiz\u00f3 el vocero panista de Atizap\u00e1n.<\/p>\n<p class=\"p7\">Cabe se\u00f1alar que en Acci\u00f3n Nacional llevamos a\u00f1os haciendo campa\u00f1as en Atizap\u00e1n y jam\u00e1s se hab\u00eda visto este tipo de cosas, suponemos que es lo acostumbrado por parte de estas personas, por nuestra parte siempre ha sido una fiesta de la democracia donde la relaci\u00f3n con los dem\u00e1s partidos siempre ha sido y ser\u00e1 de cordialidad, anteponiendo las propuestas para los atizapenses.<\/p>\n","protected":false},"excerpt":{"rendered":"<div class=\"mh-excerpt\"><p>Por Victoria Segura Atizap\u00e1n de Zaragoza, Estado de M\u00e9xico.- La candidata a la presidencia municipal <a class=\"mh-excerpt-more\" href=\"https:\/\/foro1025.mx\/?p=2518\" title=\"Niega Acci\u00f3n Nacional Atizap\u00e1n ser part\u00edcipes de actos de provocaci\u00f3n y de violencia\">&#8230;<\/a><\/p>\n<\/div>","protected":false},"author":1,"featured_media":0,"comment_status":"open","ping_status":"open","sticky":false,"template":"","format":"standard","meta":{"footnotes":""},"categories":[1],"tags":[],"class_list":{"0":"post-2518","1":"post","2":"type-post","3":"status-publish","4":"format-standard","6":"category-atizapan"},"_links":{"self":[{"href":"https:\/\/foro1025.mx\/index.php?rest_route=\/wp\/v2\/posts\/2518","targetHints":{"allow":["GET"]}}],"collection":[{"href":"https:\/\/foro1025.mx\/index.php?rest_route=\/wp\/v2\/posts"}],"about":[{"href":"https:\/\/foro1025.mx\/index.php?rest_route=\/wp\/v2\/types\/post"}],"author":[{"embeddable":true,"href":"https:\/\/foro1025.mx\/index.php?rest_route=\/wp\/v2\/users\/1"}],"replies":[{"embeddable":true,"href":"https:\/\/foro1025.mx\/index.php?rest_route=%2Fwp%2Fv2%2Fcomments&post=2518"}],"version-history":[{"count":4,"href":"https:\/\/foro1025.mx\/index.php?rest_route=\/wp\/v2\/posts\/2518\/revisions"}],"predecessor-version":[{"id":2531,"href":"https:\/\/foro1025.mx\/index.php?rest_route=\/wp\/v2\/posts\/2518\/revisions\/2531"}],"wp:attachment":[{"href":"https:\/\/foro1025.mx\/index.php?rest_route=%2Fwp%2Fv2%2Fmedia&parent=2518"}],"wp:term":[{"taxonomy":"category","embeddable":true,"href":"https:\/\/foro1025.mx\/index.php?rest_route=%2Fwp%2Fv2%2Fcategories&post=2518"},{"taxonomy":"post_tag","embeddable":true,"href":"https:\/\/foro1025.mx\/index.php?rest_route=%2Fwp%2Fv2%2Ftags&post=2518"}],"curies":[{"name":"wp","href":"https:\/\/api.w.org\/{rel}","templated":true}]}}