{"id":2523,"date":"2018-06-11T16:35:15","date_gmt":"2018-06-11T21:35:15","guid":{"rendered":"https:\/\/foro1025.mx\/?p=2523"},"modified":"2018-06-11T16:35:15","modified_gmt":"2018-06-11T21:35:15","slug":"ofrece-gobernador-fomentar-produccion-artesanal-de-canteros-de-chimalhuacan","status":"publish","type":"post","link":"https:\/\/foro1025.mx\/?p=2523","title":{"rendered":"Ofrece gobernador fomentar producci\u00f3n artesanal de canteros de Chimalhuac\u00e1n"},"content":{"rendered":"<p class=\"p3\"><i>\u2022 Subraya que se brindar\u00e1n espacios educativos y de salud para familias \u00a0de artesanos de este municipio.<\/i><\/p>\n<p class=\"p3\"><i>\u2022 Refiere mandatario estatal que se apoyar\u00e1 con seguro de riesgo a quienes desarrollan esta actividad.<\/i><\/p>\n<p class=\"p3\"><i>\u2022 Dialoga tambi\u00e9n con artesanos de Papalotla, y se\u00f1ala que se requiere dar mayor difusi\u00f3n tur\u00edstica a esta regi\u00f3n.<\/i><\/p>\n<p class=\"p3\"><b>Chimalhuac\u00e1n, Estado de M\u00e9xico.-\u00a0<\/b>El Gobernador del Estado de M\u00e9xico se reuni\u00f3 con artesanos de cantera y m\u00e1rmol del municipio de Chimalhuac\u00e1n, con quienes convers\u00f3 para conocer sus necesidades y poder fortalecer la producci\u00f3n, comercializaci\u00f3n, difusi\u00f3n y venta de artesan\u00edas en el pa\u00eds y en el extranjero.<\/p>\n<p class=\"p3\">Durante el encuentro con representantes de este sector, que se llev\u00f3 a cabo en el taller de don Efr\u00e9n Ugalde, los canteros expresaron algunas de sus inquietudes, como es la b\u00fasqueda de cr\u00e9ditos para la adquisici\u00f3n de maquinaria especializada, fomentar la bondad de la cantera y con ello generar m\u00e1s empleo para quienes desarrollan esta actividad, adem\u00e1s de contar con seguro m\u00e9dico para los artesanos.<\/p>\n<p>&nbsp;<\/p>\n<p><img loading=\"lazy\" decoding=\"async\" class=\"aligncenter size-large wp-image-2545\" src=\"https:\/\/foro1025.mx\/wp-content\/uploads\/2018\/06\/13-1024x736.jpg\" alt=\"\" width=\"1024\" height=\"736\" \/><\/p>\n<p>&nbsp;<\/p>\n<p class=\"p3\">\u201cPor eso, el d\u00eda de hoy nos reunimos aqu\u00ed con ustedes porque quiero saludar a las artesanas, y artesanos, a todos los que se dedican a la producci\u00f3n de cantera, tenemos m\u00e1s de 260 familias que se dedican a este oficio \u00a0en Chimalhuac\u00e1n y son un orgullo para el Estado de M\u00e9xico.<\/p>\n<p class=\"p3\">\u201cSon un orgullo porque adem\u00e1s cada trabajo que realizan cada uno de ustedes lo realizan con sus propias manos, con manos art\u00edsticas que llevan en alto nombre del estado, no nada m\u00e1s en distintas regiones de nuestra tierra, sino en todo el pa\u00eds\u201d, apunt\u00f3 el Gobernador de la entidad.<\/p>\n<p>&nbsp;<\/p>\n<p><img loading=\"lazy\" decoding=\"async\" class=\"aligncenter size-large wp-image-2544\" src=\"https:\/\/foro1025.mx\/wp-content\/uploads\/2018\/06\/10-1024x737.jpg\" alt=\"\" width=\"1024\" height=\"737\" \/><\/p>\n<p>&nbsp;<\/p>\n<p class=\"p3\">Acompa\u00f1ado por el encargado de despacho de la Secretar\u00eda de Turismo, el Gobernador indic\u00f3 que su administraci\u00f3n dar\u00e1 m\u00e1s difusi\u00f3n a toda la gama de productos de cantera en exposiciones, ferias, museos y monumentos, tanto en M\u00e9xico como en el extranjero, para que de esa manera se fomente el empleo permanente.<\/p>\n<p>&nbsp;<\/p>\n<p><img loading=\"lazy\" decoding=\"async\" class=\"aligncenter size-full wp-image-2543\" src=\"https:\/\/foro1025.mx\/wp-content\/uploads\/2018\/06\/7-2.jpg\" alt=\"\" width=\"965\" height=\"641\" \/><\/p>\n<p>&nbsp;<\/p>\n<p class=\"p3\">El jefe del Ejecutivo estatal tambi\u00e9n precis\u00f3 que se buscar\u00e1n beneficios econ\u00f3micos para los artesanos, por medio de cr\u00e9ditos, para compra de herramientas, maquinaria, insumos, de igual manera se activar\u00e1 \u00a0un programa de credencializaci\u00f3n a trav\u00e9s del Instituto de Investigaci\u00f3n y Fomento de las Artesan\u00edas de Estado de M\u00e9xico (IIFAEM), y la Secretar\u00eda de Desarrollo Econ\u00f3mico.<\/p>\n<p class=\"p3\">Respecto al servicio m\u00e9dico para los artesanos de producci\u00f3n con riesgo, el Gobernador ofreci\u00f3 instrumentar un mecanismo para asegurar a los productores y sus familias.<\/p>\n<p>&nbsp;<\/p>\n<p><img loading=\"lazy\" decoding=\"async\" class=\"aligncenter size-large wp-image-2542\" src=\"https:\/\/foro1025.mx\/wp-content\/uploads\/2018\/06\/3-3-966x1024.jpg\" alt=\"\" width=\"966\" height=\"1024\" \/><\/p>\n<p>&nbsp;<\/p>\n","protected":false},"excerpt":{"rendered":"<div class=\"mh-excerpt\"><p>\u2022 Subraya que se brindar\u00e1n espacios educativos y de salud para familias \u00a0de artesanos de <a class=\"mh-excerpt-more\" href=\"https:\/\/foro1025.mx\/?p=2523\" title=\"Ofrece gobernador fomentar producci\u00f3n artesanal de canteros de Chimalhuac\u00e1n\">&#8230;<\/a><\/p>\n<\/div>","protected":false},"author":1,"featured_media":0,"comment_status":"open","ping_status":"open","sticky":false,"template":"","format":"standard","meta":{"footnotes":""},"categories":[13],"tags":[],"class_list":{"0":"post-2523","1":"post","2":"type-post","3":"status-publish","4":"format-standard","6":"category-estado-de-mexico"},"_links":{"self":[{"href":"https:\/\/foro1025.mx\/index.php?rest_route=\/wp\/v2\/posts\/2523","targetHints":{"allow":["GET"]}}],"collection":[{"href":"https:\/\/foro1025.mx\/index.php?rest_route=\/wp\/v2\/posts"}],"about":[{"href":"https:\/\/foro1025.mx\/index.php?rest_route=\/wp\/v2\/types\/post"}],"author":[{"embeddable":true,"href":"https:\/\/foro1025.mx\/index.php?rest_route=\/wp\/v2\/users\/1"}],"replies":[{"embeddable":true,"href":"https:\/\/foro1025.mx\/index.php?rest_route=%2Fwp%2Fv2%2Fcomments&post=2523"}],"version-history":[{"count":1,"href":"https:\/\/foro1025.mx\/index.php?rest_route=\/wp\/v2\/posts\/2523\/revisions"}],"predecessor-version":[{"id":2546,"href":"https:\/\/foro1025.mx\/index.php?rest_route=\/wp\/v2\/posts\/2523\/revisions\/2546"}],"wp:attachment":[{"href":"https:\/\/foro1025.mx\/index.php?rest_route=%2Fwp%2Fv2%2Fmedia&parent=2523"}],"wp:term":[{"taxonomy":"category","embeddable":true,"href":"https:\/\/foro1025.mx\/index.php?rest_route=%2Fwp%2Fv2%2Fcategories&post=2523"},{"taxonomy":"post_tag","embeddable":true,"href":"https:\/\/foro1025.mx\/index.php?rest_route=%2Fwp%2Fv2%2Ftags&post=2523"}],"curies":[{"name":"wp","href":"https:\/\/api.w.org\/{rel}","templated":true}]}}