{"id":26871,"date":"2023-08-02T12:48:02","date_gmt":"2023-08-02T18:48:02","guid":{"rendered":"https:\/\/foro1025.mx\/?p=26871"},"modified":"2023-08-15T12:50:47","modified_gmt":"2023-08-15T18:50:47","slug":"karla-fiesco-realiza-dia-ciudadano-en-la-unidad-generalisimo-jose-maria-morelos-y-pavon-seccion-norte","status":"publish","type":"post","link":"https:\/\/foro1025.mx\/?p=26871","title":{"rendered":"Karla Fiesco realiza D\u00eda Ciudadano en la unidad General\u00edsimo Jos\u00e9 Mar\u00eda Morelos y Pav\u00f3n secci\u00f3n norte"},"content":{"rendered":"<p class=\"p1\">&#8211; Continuar\u00e1n trabajos a fin de que los vecinos vivan de manera segura y con servicios de calidad<\/p>\n<p class=\"p1\">Con el firme compromiso de trabajar de la mano con la ciudadan\u00eda izcallense, la presidenta municipal de Cuautitl\u00e1n Izcalli, Karla Fiesco Garc\u00eda llev\u00f3 a cabo el D\u00eda Ciudadano \u201cSomos Equipo, Somos Futuro\u201d en la Unidad General\u00edsimo Jos\u00e9 Mar\u00eda Morelos y Pav\u00f3n Secci\u00f3n Norte, donde atendi\u00f3 y escuch\u00f3 las inquietudes de los vecinos.<\/p>\n<p class=\"p1\">La titular del Ejecutivo Municipal, precis\u00f3 que recorrer\u00e1 todo el municipio para llevar los servicios que los izcallenses necesitan, por lo que en su visita a la Unidad General\u00edsimo Jos\u00e9 Mar\u00eda Morelos y Pav\u00f3n Secci\u00f3n Norte se realizaron trabajos de barrido, balizado, reparaci\u00f3n de banquetas, rehabilitaci\u00f3n e instalaci\u00f3n de luminarias, adem\u00e1s se brind\u00f3 composta para las \u00e1reas verdes y se retiraron autos abandonados, en los puntos que manifestaron los vecinos en la reuni\u00f3n previa al D\u00eda Ciudadano.<\/p>\n<p class=\"p1\">Asimismo, la alcaldesa destac\u00f3 que se ha trabajado en la Unidad con las construcciones de techados en la Escuela Primaria General\u00edsimo Morelos y en la Escuela Secundar\u00eda Oficial No.340 General L\u00e1zaro C\u00e1rdenas beneficiando a 823 alumnos, as\u00ed mismo se repar\u00f3 la banqueta con concreto hidr\u00e1ulico en la calle General Pedro Anaya y se realiz\u00f3 bacheo profundo en el acceso a la Unidad en calle General Pedro Anaya y calle Xocontecatl en beneficio de cinco mil izcallenses.<\/p>\n<p class=\"p1\">De igual manera, se han reparado e instalado 290 luminarias, se realiz\u00f3 el corte de pasto en 14 mil 584 metros cuadrados, se recolectaron 167 metros c\u00fabicos de desechos s\u00f3lidos y se podaron 82 \u00e1rboles.<\/p>\n<p class=\"p1\">Finalmente, se comprometi\u00f3 a seguir trabajando en beneficio de las Unidades a fin de que los vecinos vivan de manera segura y con servicios de calidad.<\/p>\n","protected":false},"excerpt":{"rendered":"<div class=\"mh-excerpt\"><p>&#8211; Continuar\u00e1n trabajos a fin de que los vecinos vivan de manera segura y con <a class=\"mh-excerpt-more\" href=\"https:\/\/foro1025.mx\/?p=26871\" title=\"Karla Fiesco realiza D\u00eda Ciudadano en la unidad General\u00edsimo Jos\u00e9 Mar\u00eda Morelos y Pav\u00f3n secci\u00f3n norte\">&#8230;<\/a><\/p>\n<\/div>","protected":false},"author":1,"featured_media":26872,"comment_status":"closed","ping_status":"closed","sticky":false,"template":"","format":"standard","meta":{"footnotes":""},"categories":[29],"tags":[],"class_list":{"0":"post-26871","1":"post","2":"type-post","3":"status-publish","4":"format-standard","5":"has-post-thumbnail","7":"category-cuautitlan-izcalli"},"_links":{"self":[{"href":"https:\/\/foro1025.mx\/index.php?rest_route=\/wp\/v2\/posts\/26871","targetHints":{"allow":["GET"]}}],"collection":[{"href":"https:\/\/foro1025.mx\/index.php?rest_route=\/wp\/v2\/posts"}],"about":[{"href":"https:\/\/foro1025.mx\/index.php?rest_route=\/wp\/v2\/types\/post"}],"author":[{"embeddable":true,"href":"https:\/\/foro1025.mx\/index.php?rest_route=\/wp\/v2\/users\/1"}],"replies":[{"embeddable":true,"href":"https:\/\/foro1025.mx\/index.php?rest_route=%2Fwp%2Fv2%2Fcomments&post=26871"}],"version-history":[{"count":1,"href":"https:\/\/foro1025.mx\/index.php?rest_route=\/wp\/v2\/posts\/26871\/revisions"}],"predecessor-version":[{"id":26873,"href":"https:\/\/foro1025.mx\/index.php?rest_route=\/wp\/v2\/posts\/26871\/revisions\/26873"}],"wp:featuredmedia":[{"embeddable":true,"href":"https:\/\/foro1025.mx\/index.php?rest_route=\/wp\/v2\/media\/26872"}],"wp:attachment":[{"href":"https:\/\/foro1025.mx\/index.php?rest_route=%2Fwp%2Fv2%2Fmedia&parent=26871"}],"wp:term":[{"taxonomy":"category","embeddable":true,"href":"https:\/\/foro1025.mx\/index.php?rest_route=%2Fwp%2Fv2%2Fcategories&post=26871"},{"taxonomy":"post_tag","embeddable":true,"href":"https:\/\/foro1025.mx\/index.php?rest_route=%2Fwp%2Fv2%2Ftags&post=26871"}],"curies":[{"name":"wp","href":"https:\/\/api.w.org\/{rel}","templated":true}]}}