{"id":26882,"date":"2023-08-03T13:02:23","date_gmt":"2023-08-03T19:02:23","guid":{"rendered":"https:\/\/foro1025.mx\/?p=26882"},"modified":"2023-08-15T16:42:21","modified_gmt":"2023-08-15T22:42:21","slug":"cuautitlan-realizara-la-semana-cultural-y-artistica-2023","status":"publish","type":"post","link":"https:\/\/foro1025.mx\/?p=26882","title":{"rendered":"Cuautitl\u00e1n realizar\u00e1 la Semana Cultural y Art\u00edstica 2023"},"content":{"rendered":"<div class=\"page\" title=\"Page 1\">\n<div class=\"layoutArea\">\n<div class=\"column\">\n<p>El presidente del municipio de Cuautitla\u0301n Aldo Ledezma Reyna en compan\u0303i\u0301a de su esposa la presidenta del SM DIF Brenda Aguilar Zamora, hablaron acerca de la semana cultural con motivo de la conmemoracio\u0301n del 199 aniversario de la Ereccio\u0301n como Municipio de Cuautitla\u0301n que dara\u0301 inicio el di\u0301a 16 hasta el 23 de agosto del 2023. Recalcaron que el objetivo principal de esta semana cultural es reforzar la identidad del municipio y las tradiciones que tenemos actualmente.<\/p>\n<p>Asi\u0301 mismo, comentaron que no solamente es una fecha conmemorativa, sino que tambie\u0301n es una oportunidad para exponer las diferentes expresiones del arte de las y los cuautitlenses. En este caso, se presentara\u0301n distintos artistas aptos para todas las edades y gustos musicales, ya que el objetivo de la administracio\u0301n es la inclusio\u0301n social.<\/p>\n<p>Tambie\u0301n, se dio a conocer que la actual administracio\u0301n es pionera en realizar un evento de esta magnitud para celebrar una fecha tan importante como lo es la conmemoracio\u0301n del 199 aniversario de la Ereccio\u0301n como Municipio de Cuautitla\u0301n durante una semana completa en la segunda semana del mes de agosto.<\/p>\n<p>Adema\u0301s, aclaro\u0301 que el \u201cboleto\u201d de entrada para este evento sera\u0301n productos pertenecientes a la canasta ba\u0301sica, como lo son: aceite, arroz, frijoles, garbanzo, lenteja, haba, azu\u0301car, avena, harina de trigo, maicena, leche, consome\u0301 de pollo, sal, canela o sopa de pasta las cuales sera\u0301n donadas a los distintos comedores comunitarios del Sistema Municipal DIF disponibles en el municipio ubicados en Rancho San Blas, Galaxia y pro\u0301ximamente la inauguracio\u0301n de un nuevo comedor comunitario en San Blas por parte de la presidenta del Sistema Municipal DIF Brenda Aguilar Zamora.<\/p>\n<p>En dichos comedores comunitarios, se utilizara\u0301n estos alimentos para servir platos completamente sanos y balanceados a bajo costo para cuidar del bienestar de los cuautitlenses en condicio\u0301n de bajos recursos que acuden a estos lugares, asi\u0301 como el resguardo de algunos vi\u0301veres en las bodegas de DIF para dar apertura futuros comedores.<\/p>\n<p>Igualmente, se revelo\u0301 a los presentes por medio de banners, los artistas invitados a este evento como: Los Recoditos, La Sonora Santanera de Mari\u0301a Fernanda, Bellakath, DJ Foxy, Uzielito Mix, Fernando Delgadillo, Akil Ammar, La Sekta Core, Antidoping, Banda Bostik, La Maskatesta, El Gran Silencio, Los Askis, El Costen\u0303o y Ri\u0301o Roma.<\/p>\n<p>Dentro de la rueda de prensa, adema\u0301s del presidente y su esposa, los acompan\u0303aron algunos de los artistas invitados que fueron: Bellakath, La Sekta Core, DJ Foxy y Antidoping, quienes invitaron a los residentes de Cuautitla\u0301n y municipios vecinos a participar en esta semana cultural con su respectiva donacio\u0301n para seguir apoyando a los comedores comunitarios, de igual manera sen\u0303alaron que ellos tambie\u0301n aportaran con alimentos de la canasta ba\u0301sica. Tambie\u0301n se espera que este an\u0303o se supere la cantidad de asistentes a comparacio\u0301n del an\u0303o pasado que fue de 180 mil personas.<\/p>\n<p>Aparte de hablar acerca del festival cultural, el presidente Aldo Ledezma comento\u0301 que pro\u0301ximamente se realizara\u0301n ma\u0301s obras dentro de nuestro municipio para seguir mejorando el entorno de los residentes y dejarlo en las mejores condiciones posibles.<\/p>\n<\/div>\n<\/div>\n<\/div>\n","protected":false},"excerpt":{"rendered":"<div class=\"mh-excerpt\"><p>El presidente del municipio de Cuautitla\u0301n Aldo Ledezma Reyna en compan\u0303i\u0301a de su esposa la <a class=\"mh-excerpt-more\" href=\"https:\/\/foro1025.mx\/?p=26882\" title=\"Cuautitl\u00e1n realizar\u00e1 la Semana Cultural y Art\u00edstica 2023\">&#8230;<\/a><\/p>\n<\/div>","protected":false},"author":1,"featured_media":26878,"comment_status":"closed","ping_status":"closed","sticky":false,"template":"","format":"standard","meta":{"footnotes":""},"categories":[40,20,26,39],"tags":[],"class_list":{"0":"post-26882","1":"post","2":"type-post","3":"status-publish","4":"format-standard","5":"has-post-thumbnail","7":"category-cuautitlan-mexico","8":"category-cultura","9":"category-espectaculos","10":"category-principales"},"_links":{"self":[{"href":"https:\/\/foro1025.mx\/index.php?rest_route=\/wp\/v2\/posts\/26882","targetHints":{"allow":["GET"]}}],"collection":[{"href":"https:\/\/foro1025.mx\/index.php?rest_route=\/wp\/v2\/posts"}],"about":[{"href":"https:\/\/foro1025.mx\/index.php?rest_route=\/wp\/v2\/types\/post"}],"author":[{"embeddable":true,"href":"https:\/\/foro1025.mx\/index.php?rest_route=\/wp\/v2\/users\/1"}],"replies":[{"embeddable":true,"href":"https:\/\/foro1025.mx\/index.php?rest_route=%2Fwp%2Fv2%2Fcomments&post=26882"}],"version-history":[{"count":1,"href":"https:\/\/foro1025.mx\/index.php?rest_route=\/wp\/v2\/posts\/26882\/revisions"}],"predecessor-version":[{"id":26883,"href":"https:\/\/foro1025.mx\/index.php?rest_route=\/wp\/v2\/posts\/26882\/revisions\/26883"}],"wp:featuredmedia":[{"embeddable":true,"href":"https:\/\/foro1025.mx\/index.php?rest_route=\/wp\/v2\/media\/26878"}],"wp:attachment":[{"href":"https:\/\/foro1025.mx\/index.php?rest_route=%2Fwp%2Fv2%2Fmedia&parent=26882"}],"wp:term":[{"taxonomy":"category","embeddable":true,"href":"https:\/\/foro1025.mx\/index.php?rest_route=%2Fwp%2Fv2%2Fcategories&post=26882"},{"taxonomy":"post_tag","embeddable":true,"href":"https:\/\/foro1025.mx\/index.php?rest_route=%2Fwp%2Fv2%2Ftags&post=26882"}],"curies":[{"name":"wp","href":"https:\/\/api.w.org\/{rel}","templated":true}]}}