{"id":2868,"date":"2018-07-03T13:09:02","date_gmt":"2018-07-03T18:09:02","guid":{"rendered":"https:\/\/foro1025.mx\/?p=2868"},"modified":"2018-07-03T13:09:02","modified_gmt":"2018-07-03T18:09:02","slug":"tlalnepantla-se-mantiene-a-la-vanguardia-en-materia-de-justicia-civica","status":"publish","type":"post","link":"https:\/\/foro1025.mx\/?p=2868","title":{"rendered":"Tlalnepantla se mantiene a la vanguardia en materia de justicia c\u00edvica"},"content":{"rendered":"<ul>\n<li>Es el primer municipio que imparte el taller sobre el Modelo Homologado de Justicia C\u00edvica, Buen Gobierno y Cultura de la Legalidad.<\/li>\n<\/ul>\n<ul class=\"ul1\">\n<li class=\"li3\">Derivado de la capacitaci\u00f3n, se detect\u00f3 que Tlalnepantla ya implementa acciones que dicho modelo contempla.<\/li>\n<\/ul>\n<p class=\"p3\">Tlalnepantla se mantiene a la vanguardia en la construcci\u00f3n de seguridad, justicia y paz, al ser el primer municipio que imparte el taller de sensibilizaci\u00f3n sobre el Modelo Homologado de Justicia C\u00edvica, Buen Gobierno y Cultura de la Legalidad de FORTASEG 2018.<\/p>\n<p class=\"p3\">Al hacer entrega de las constancias a 23 servidores p\u00fablicos que participaron en dicho taller, la presidenta municipal destac\u00f3 que desde el inicio de esta administraci\u00f3n, Tlalnepantla se ha distinguido por promover la justicia alternativa en la soluci\u00f3n de conflictos, por lo que esta capacitaci\u00f3n reforzar\u00e1 los esfuerzos ya realizados.<\/p>\n<p class=\"p3\">Puntualiz\u00f3 que este curso impartido a oficiales calificadores y personal de prevenci\u00f3n del delito, tiene la finalidad de darles a conocer el modelo nacional homologado que impulsa la Secretar\u00eda de Gobernaci\u00f3n, a trav\u00e9s del Secretariado Ejecutivo del Sistema Nacional de Seguridad P\u00fablica y la Comisi\u00f3n Nacional de Seguridad.<\/p>\n<p class=\"p3\">La alcaldesa explic\u00f3 que la justicia c\u00edvica busca atender la violencia y los conflictos que enfrentan las personas de manera cotidiana, siendo \u00e9stos un problema recurrente que se detecta en las reuniones de redes vecinales, de ah\u00ed que permanentemente se trabaje en la capacitaci\u00f3n para dar una respuesta eficaz.<\/p>\n<p class=\"p3\">Destac\u00f3 que luego de conocer las caracter\u00edsticas principales de justicia c\u00edvica, se concluy\u00f3 que este municipio ya va un paso adelante al tener implementadas distintas acciones que este modelo contempla, entre las que destaca contar con una unidad m\u00f3vil que visita de manera itinerante las comunidades.<\/p>\n<p class=\"p3\">La presidenta municipal reiter\u00f3 el compromiso de continuar trabajando en el fortalecimiento de las capacidades en materia de seguridad p\u00fablica, a trav\u00e9s de la estrategia transversal que lleva a cabo el gobierno local con las redes vecinales de seguridad.<\/p>\n<p class=\"p3\">Anunci\u00f3 que para este a\u00f1o, con recursos federales concertados en el Programa de Fortalecimiento para la Seguridad (FORTASEG), se prev\u00e9 reforzar las acciones de Prevenci\u00f3n de Violencia de G\u00e9nero, Polic\u00eda de Proximidad y Justicia C\u00edvica, Buen Gobierno y Cultura de la Legalidad.<\/p>\n<p class=\"p3\">La alcaldesa inform\u00f3 que los recursos del FORTASEG para este 2018, ascienden a 22 millones de pesos, de los cuales, poco m\u00e1s de tres millones se destinan al rubro de prevenci\u00f3n.<\/p>\n<p class=\"p3\">Por su parte, la encargada de la coordinaci\u00f3n de Justicia Municipal detall\u00f3 que este curso taller de 25 horas, concluy\u00f3 con una mesa de trabajo en la que se sacaron conclusiones para fortalecer la labor que a nivel local ya se efect\u00faa desde el inicio de esta administraci\u00f3n.<\/p>\n<p class=\"p3\">Agreg\u00f3 que tambi\u00e9n se prev\u00e9 impartir talleres a mediadores conciliadores y polic\u00edas municipales, lo que colocar\u00e1 a este municipio por encima de muchos otros en esta materia.<\/p>\n<p class=\"p3\">En representaci\u00f3n de los participantes en este taller, Ivonne Garc\u00eda, agradeci\u00f3 la oportunidad que el gobierno local les brinda para actualizarse y brindar mejor atenci\u00f3n a la ciudadan\u00eda.<\/p>\n","protected":false},"excerpt":{"rendered":"<div class=\"mh-excerpt\"><p>Es el primer municipio que imparte el taller sobre el Modelo Homologado de Justicia C\u00edvica, <a class=\"mh-excerpt-more\" href=\"https:\/\/foro1025.mx\/?p=2868\" title=\"Tlalnepantla se mantiene a la vanguardia en materia de justicia c\u00edvica\">&#8230;<\/a><\/p>\n<\/div>","protected":false},"author":1,"featured_media":0,"comment_status":"open","ping_status":"open","sticky":false,"template":"","format":"standard","meta":{"footnotes":""},"categories":[16],"tags":[],"class_list":{"0":"post-2868","1":"post","2":"type-post","3":"status-publish","4":"format-standard","6":"category-tlalnepantla"},"_links":{"self":[{"href":"https:\/\/foro1025.mx\/index.php?rest_route=\/wp\/v2\/posts\/2868","targetHints":{"allow":["GET"]}}],"collection":[{"href":"https:\/\/foro1025.mx\/index.php?rest_route=\/wp\/v2\/posts"}],"about":[{"href":"https:\/\/foro1025.mx\/index.php?rest_route=\/wp\/v2\/types\/post"}],"author":[{"embeddable":true,"href":"https:\/\/foro1025.mx\/index.php?rest_route=\/wp\/v2\/users\/1"}],"replies":[{"embeddable":true,"href":"https:\/\/foro1025.mx\/index.php?rest_route=%2Fwp%2Fv2%2Fcomments&post=2868"}],"version-history":[{"count":1,"href":"https:\/\/foro1025.mx\/index.php?rest_route=\/wp\/v2\/posts\/2868\/revisions"}],"predecessor-version":[{"id":2874,"href":"https:\/\/foro1025.mx\/index.php?rest_route=\/wp\/v2\/posts\/2868\/revisions\/2874"}],"wp:attachment":[{"href":"https:\/\/foro1025.mx\/index.php?rest_route=%2Fwp%2Fv2%2Fmedia&parent=2868"}],"wp:term":[{"taxonomy":"category","embeddable":true,"href":"https:\/\/foro1025.mx\/index.php?rest_route=%2Fwp%2Fv2%2Fcategories&post=2868"},{"taxonomy":"post_tag","embeddable":true,"href":"https:\/\/foro1025.mx\/index.php?rest_route=%2Fwp%2Fv2%2Ftags&post=2868"}],"curies":[{"name":"wp","href":"https:\/\/api.w.org\/{rel}","templated":true}]}}