{"id":28682,"date":"2024-05-01T00:42:37","date_gmt":"2024-05-01T06:42:37","guid":{"rendered":"https:\/\/foro1025.mx\/?p=28682"},"modified":"2024-05-05T00:44:46","modified_gmt":"2024-05-05T06:44:46","slug":"pacos-santos-realiza-campana-en-cuautitlan-izcalli","status":"publish","type":"post","link":"https:\/\/foro1025.mx\/?p=28682","title":{"rendered":"Pacos Santos realiza campa\u00f1a en Cuautitl\u00e1n Izcalli"},"content":{"rendered":"<p class=\"p1\">El candidato a Diputado Local por el Distrito 26 del Edomex, Paco Santos, recorri\u00f3 en compa\u00f1\u00eda de Karla Fiesco candidata a la Presidencia de Cuautitl\u00e0n Izcalli, las colonias Cumbria, Santiago Tepalcapa, Bosques del Alba, Jardines del Alba y Arcos del Alba, quienes suman esfuerzos y reafirman su compromiso de trabajar en conjunto para lograr el bienestar de la comunidad mexiquense.<\/p>\n<p class=\"p1\">Durante esta jornada, Paco Santos reafirm\u00f3 su compromiso con la seguridad de todos los ciudadanos de su distrito. Destac\u00f3 la necesidad imperante de incrementar y endurecer las penas por delitos como la extorsi\u00f3n y el robo a transe\u00fantes, buscando garantizar un entorno seguro y protegido para todos los habitantes, especialmente para los m\u00e1s vulnerables.<\/p>\n<p><img loading=\"lazy\" decoding=\"async\" class=\"aligncenter size-large wp-image-28685\" src=\"https:\/\/foro1025.mx\/wp-content\/uploads\/2024\/05\/1-4-1024x577.jpeg\" alt=\"\" width=\"1024\" height=\"577\" srcset=\"https:\/\/foro1025.mx\/wp-content\/uploads\/2024\/05\/1-4-1024x577.jpeg 1024w, https:\/\/foro1025.mx\/wp-content\/uploads\/2024\/05\/1-4-300x169.jpeg 300w, https:\/\/foro1025.mx\/wp-content\/uploads\/2024\/05\/1-4-768x433.jpeg 768w, https:\/\/foro1025.mx\/wp-content\/uploads\/2024\/05\/1-4-678x381.jpeg 678w, https:\/\/foro1025.mx\/wp-content\/uploads\/2024\/05\/1-4.jpeg 1280w\" sizes=\"auto, (max-width: 1024px) 100vw, 1024px\" \/><\/p>\n<p class=\"p1\">Adem\u00e1s, el candidato present\u00f3 sus planes para abordar desaf\u00edos cruciales en la regi\u00f3n, incluyendo la garant\u00eda del acceso al agua. Se comprometi\u00f3 a legislar para combatir el desabasto que afecta a la entidad mexiquense, as\u00ed como a trabajar para mejorar las finanzas municipales y aumentar la inversi\u00f3n en obras p\u00fablicas que beneficien a todos los mexiquenses.<\/p>\n<p class=\"p1\">Paco Santos escuch\u00f3 atentamente las preocupaciones y necesidades de los vecinos que han depositado su confianza en \u00e9l, comprometi\u00e9ndose a seguir trabajando IMPARABLEMENTE para hacer de lo imposible posible.<\/p>\n<p><img loading=\"lazy\" decoding=\"async\" class=\"aligncenter size-large wp-image-28686\" src=\"https:\/\/foro1025.mx\/wp-content\/uploads\/2024\/05\/81b3495a-97f6-4dcb-86b4-d939571fc589-1024x577.jpeg\" alt=\"\" width=\"1024\" height=\"577\" srcset=\"https:\/\/foro1025.mx\/wp-content\/uploads\/2024\/05\/81b3495a-97f6-4dcb-86b4-d939571fc589-1024x577.jpeg 1024w, https:\/\/foro1025.mx\/wp-content\/uploads\/2024\/05\/81b3495a-97f6-4dcb-86b4-d939571fc589-300x169.jpeg 300w, https:\/\/foro1025.mx\/wp-content\/uploads\/2024\/05\/81b3495a-97f6-4dcb-86b4-d939571fc589-768x433.jpeg 768w, https:\/\/foro1025.mx\/wp-content\/uploads\/2024\/05\/81b3495a-97f6-4dcb-86b4-d939571fc589-678x381.jpeg 678w, https:\/\/foro1025.mx\/wp-content\/uploads\/2024\/05\/81b3495a-97f6-4dcb-86b4-d939571fc589.jpeg 1280w\" sizes=\"auto, (max-width: 1024px) 100vw, 1024px\" \/><\/p>\n<p class=\"p1\">Finalmente, el candidato invit\u00f3 a toda la ciudadan\u00eda a acudir a su \u00abRuta Paquirr\u00edn\u00bb, una serie de visitas a diferentes localidades de Cuautitl\u00e1n Izcalli, Tlalnepantla y Atizap\u00e1n, que incluir\u00e1n actividades culturales para toda la familia. Las fechas se publicar\u00e1n constantemente en sus redes sociales<\/p>\n","protected":false},"excerpt":{"rendered":"<div class=\"mh-excerpt\"><p>El candidato a Diputado Local por el Distrito 26 del Edomex, Paco Santos, recorri\u00f3 en <a class=\"mh-excerpt-more\" href=\"https:\/\/foro1025.mx\/?p=28682\" title=\"Pacos Santos realiza campa\u00f1a en Cuautitl\u00e1n Izcalli\">&#8230;<\/a><\/p>\n<\/div>","protected":false},"author":1,"featured_media":28683,"comment_status":"closed","ping_status":"closed","sticky":false,"template":"","format":"standard","meta":{"footnotes":""},"categories":[44],"tags":[61,62],"class_list":{"0":"post-28682","1":"post","2":"type-post","3":"status-publish","4":"format-standard","5":"has-post-thumbnail","7":"category-elecciones-2024","8":"tag-cuautitlan-izcalli","9":"tag-paco-santos"},"_links":{"self":[{"href":"https:\/\/foro1025.mx\/index.php?rest_route=\/wp\/v2\/posts\/28682","targetHints":{"allow":["GET"]}}],"collection":[{"href":"https:\/\/foro1025.mx\/index.php?rest_route=\/wp\/v2\/posts"}],"about":[{"href":"https:\/\/foro1025.mx\/index.php?rest_route=\/wp\/v2\/types\/post"}],"author":[{"embeddable":true,"href":"https:\/\/foro1025.mx\/index.php?rest_route=\/wp\/v2\/users\/1"}],"replies":[{"embeddable":true,"href":"https:\/\/foro1025.mx\/index.php?rest_route=%2Fwp%2Fv2%2Fcomments&post=28682"}],"version-history":[{"count":2,"href":"https:\/\/foro1025.mx\/index.php?rest_route=\/wp\/v2\/posts\/28682\/revisions"}],"predecessor-version":[{"id":28687,"href":"https:\/\/foro1025.mx\/index.php?rest_route=\/wp\/v2\/posts\/28682\/revisions\/28687"}],"wp:featuredmedia":[{"embeddable":true,"href":"https:\/\/foro1025.mx\/index.php?rest_route=\/wp\/v2\/media\/28683"}],"wp:attachment":[{"href":"https:\/\/foro1025.mx\/index.php?rest_route=%2Fwp%2Fv2%2Fmedia&parent=28682"}],"wp:term":[{"taxonomy":"category","embeddable":true,"href":"https:\/\/foro1025.mx\/index.php?rest_route=%2Fwp%2Fv2%2Fcategories&post=28682"},{"taxonomy":"post_tag","embeddable":true,"href":"https:\/\/foro1025.mx\/index.php?rest_route=%2Fwp%2Fv2%2Ftags&post=28682"}],"curies":[{"name":"wp","href":"https:\/\/api.w.org\/{rel}","templated":true}]}}