{"id":28714,"date":"2024-05-05T09:00:44","date_gmt":"2024-05-05T15:00:44","guid":{"rendered":"https:\/\/foro1025.mx\/?p=28714"},"modified":"2024-05-07T17:17:50","modified_gmt":"2024-05-07T23:17:50","slug":"reciben-con-mucho-entusiasmo-a-david-sanchez-en-las-comunidades-de-coacalco","status":"publish","type":"post","link":"https:\/\/foro1025.mx\/?p=28714","title":{"rendered":"Reciben con mucho entusiasmo a David S\u00e1nchez en las comunidades de Coacalco"},"content":{"rendered":"<p class=\"p1\">David S\u00e1nchez Isidoro, candidato a la presidencia municipal de Coacalco por la Coalici\u00f3n Fuerza y Coraz\u00f3n por el Estado de M\u00e9xico dijo que la seguridad es una de las necesidades m\u00e1s sentidas a nivel nacional, por lo que pidi\u00f3 el apoyo de las y los coacalquenses para la continuidad y seguir trabajando en este rubro con la puesta en marcha de m\u00e1s tecnolog\u00eda mejorar las condiciones de los polic\u00edas municipales.<\/p>\n<p class=\"p1\">Dijo, que la participaci\u00f3n ciudadana es muy importante para mejorar el municipio, cada uno debe ser responsable; por ello, exhort\u00f3 a los padres de familia a inculcar a sus hijos e hijas valores y principios, denunciar para poder exigir a las autoridades que se investiguen los delitos y haya estad\u00edsticas m\u00e1s confiables, ya que al no haber denuncias, dejan libres a los presuntos delincuentes.<\/p>\n<p><img loading=\"lazy\" decoding=\"async\" class=\"aligncenter size-large wp-image-28716\" src=\"https:\/\/foro1025.mx\/wp-content\/uploads\/2024\/05\/WhatsApp-Image-2024-05-06-at-8.49.42-AM-1-1024x698.jpeg\" alt=\"\" width=\"1024\" height=\"698\" srcset=\"https:\/\/foro1025.mx\/wp-content\/uploads\/2024\/05\/WhatsApp-Image-2024-05-06-at-8.49.42-AM-1-1024x698.jpeg 1024w, https:\/\/foro1025.mx\/wp-content\/uploads\/2024\/05\/WhatsApp-Image-2024-05-06-at-8.49.42-AM-1-300x205.jpeg 300w, https:\/\/foro1025.mx\/wp-content\/uploads\/2024\/05\/WhatsApp-Image-2024-05-06-at-8.49.42-AM-1-768x524.jpeg 768w, https:\/\/foro1025.mx\/wp-content\/uploads\/2024\/05\/WhatsApp-Image-2024-05-06-at-8.49.42-AM-1.jpeg 1462w\" sizes=\"auto, (max-width: 1024px) 100vw, 1024px\" \/><\/p>\n<p class=\"p1\">Asimismo, hizo un llamado a ser solidarios y a no ser indiferentes, pues los delincuentes saben en donde est\u00e1n desorganizados y aprovechan; sin embargo, si ven una comunidad unida, lo piensan dos veces.<\/p>\n<p class=\"p1\">Por su parte, detall\u00f3 que en los pr\u00f3ximos tres a\u00f1os invertir\u00e1n en m\u00e1s infraestructura; record\u00f3 el reciente equipamiento de los polic\u00edas municipales con radios y chalecos antibalas, as\u00ed como la rehabilitaci\u00f3n y modernizaci\u00f3n del Centro de Emergencias y Monitoreo C4, el cual ahora cuenta con tecnolog\u00eda m\u00e1s avanzada, que le permite conectar m\u00e1s c\u00e1maras de videovigilancia.<\/p>\n<p class=\"p1\">Explic\u00f3, que dentro de sus propuestas est\u00e1 la instalaci\u00f3n de c\u00e1maras con sensores en las escuelas e iglesias, as\u00ed como el<span class=\"Apple-converted-space\">\u00a0 <\/span>nuevo sistema de semaforizaci\u00f3n inteligente que ser\u00e1n conectados al C4.<\/p>\n<p class=\"p1\">Se\u00f1al\u00f3 que adem\u00e1s de cambiar los sem\u00e1foros, de acuerdo a un estudio de vialidad realizado recientemente, ya tienen detectado en qu\u00e9 zonas colocar nuevos sem\u00e1foros, y explic\u00f3 que los c\u00e1maras permitir\u00e1n resolver incidentes de tr\u00e1nsito.<\/p>\n<p><img loading=\"lazy\" decoding=\"async\" class=\"aligncenter size-large wp-image-28717\" src=\"https:\/\/foro1025.mx\/wp-content\/uploads\/2024\/05\/WhatsApp-Image-2024-05-06-at-8.50.02-AM-1-1024x683.jpeg\" alt=\"\" width=\"1024\" height=\"683\" srcset=\"https:\/\/foro1025.mx\/wp-content\/uploads\/2024\/05\/WhatsApp-Image-2024-05-06-at-8.50.02-AM-1-1024x683.jpeg 1024w, https:\/\/foro1025.mx\/wp-content\/uploads\/2024\/05\/WhatsApp-Image-2024-05-06-at-8.50.02-AM-1-300x200.jpeg 300w, https:\/\/foro1025.mx\/wp-content\/uploads\/2024\/05\/WhatsApp-Image-2024-05-06-at-8.50.02-AM-1-768x512.jpeg 768w, https:\/\/foro1025.mx\/wp-content\/uploads\/2024\/05\/WhatsApp-Image-2024-05-06-at-8.50.02-AM-1-1536x1024.jpeg 1536w, https:\/\/foro1025.mx\/wp-content\/uploads\/2024\/05\/WhatsApp-Image-2024-05-06-at-8.50.02-AM-1.jpeg 1600w\" sizes=\"auto, (max-width: 1024px) 100vw, 1024px\" \/><\/p>\n<p class=\"p1\">Referente a la mejora de las condiciones econ\u00f3micas de los polic\u00edas municipales, tendr\u00e1n un salario digno; salario y seguros para que sus familias est\u00e9n protegidas y puedan desempe\u00f1ar un mejor trabajo, as\u00ed como la contrataci\u00f3n de nuevos elementos para tener mayor cobertura en el municipio.<\/p>\n<p class=\"p1\">Durante el fin de semana, David S\u00e1nchez se reuni\u00f3 con vecinas y vecinos de Villa de las Flores, Hacienda Coacalco, La Providencia, Jardines de San Jos\u00e9, Villa de Reyes, Rinc\u00f3n de las Fuentes y los pueblos de San Lorenzo Tetlixtac y La Magdalena Huizachitla, donde fue recibido con entusiasmo y se comprometi\u00f3 a repavimentar con concreto hidr\u00e1ulico las calles Ju\u00e1rez y Colima, mismas que benefician a ambas comunidades.<\/p>\n<p class=\"p1\">El Domingo por la ma\u00f1ana estuvo acompa\u00f1ado de la candidata a senadora por la Coalici\u00f3n Fuerza y Coraz\u00f3n por M\u00e9xico: Brenda Alvarado, en Bosques del Valle.<\/p>\n","protected":false},"excerpt":{"rendered":"<div class=\"mh-excerpt\"><p>David S\u00e1nchez Isidoro, candidato a la presidencia municipal de Coacalco por la Coalici\u00f3n Fuerza y <a class=\"mh-excerpt-more\" href=\"https:\/\/foro1025.mx\/?p=28714\" title=\"Reciben con mucho entusiasmo a David S\u00e1nchez en las comunidades de Coacalco\">&#8230;<\/a><\/p>\n<\/div>","protected":false},"author":1,"featured_media":28715,"comment_status":"closed","ping_status":"closed","sticky":false,"template":"","format":"standard","meta":{"footnotes":""},"categories":[44],"tags":[34,49],"class_list":{"0":"post-28714","1":"post","2":"type-post","3":"status-publish","4":"format-standard","5":"has-post-thumbnail","7":"category-elecciones-2024","8":"tag-coacalco","9":"tag-david-sanchez"},"_links":{"self":[{"href":"https:\/\/foro1025.mx\/index.php?rest_route=\/wp\/v2\/posts\/28714","targetHints":{"allow":["GET"]}}],"collection":[{"href":"https:\/\/foro1025.mx\/index.php?rest_route=\/wp\/v2\/posts"}],"about":[{"href":"https:\/\/foro1025.mx\/index.php?rest_route=\/wp\/v2\/types\/post"}],"author":[{"embeddable":true,"href":"https:\/\/foro1025.mx\/index.php?rest_route=\/wp\/v2\/users\/1"}],"replies":[{"embeddable":true,"href":"https:\/\/foro1025.mx\/index.php?rest_route=%2Fwp%2Fv2%2Fcomments&post=28714"}],"version-history":[{"count":1,"href":"https:\/\/foro1025.mx\/index.php?rest_route=\/wp\/v2\/posts\/28714\/revisions"}],"predecessor-version":[{"id":28718,"href":"https:\/\/foro1025.mx\/index.php?rest_route=\/wp\/v2\/posts\/28714\/revisions\/28718"}],"wp:featuredmedia":[{"embeddable":true,"href":"https:\/\/foro1025.mx\/index.php?rest_route=\/wp\/v2\/media\/28715"}],"wp:attachment":[{"href":"https:\/\/foro1025.mx\/index.php?rest_route=%2Fwp%2Fv2%2Fmedia&parent=28714"}],"wp:term":[{"taxonomy":"category","embeddable":true,"href":"https:\/\/foro1025.mx\/index.php?rest_route=%2Fwp%2Fv2%2Fcategories&post=28714"},{"taxonomy":"post_tag","embeddable":true,"href":"https:\/\/foro1025.mx\/index.php?rest_route=%2Fwp%2Fv2%2Ftags&post=28714"}],"curies":[{"name":"wp","href":"https:\/\/api.w.org\/{rel}","templated":true}]}}