{"id":2872,"date":"2018-07-03T13:12:53","date_gmt":"2018-07-03T18:12:53","guid":{"rendered":"https:\/\/foro1025.mx\/?p=2872"},"modified":"2018-07-03T13:12:53","modified_gmt":"2018-07-03T18:12:53","slug":"tendra-huixquilucan-curso-de-verano-mis-vacaciones-en-la-biblioteca-2018","status":"publish","type":"post","link":"https:\/\/foro1025.mx\/?p=2872","title":{"rendered":"Tendr\u00e1 Huixquilucan curso de verano \u00abMis Vacaciones en la Biblioteca 2018\u00bb"},"content":{"rendered":"<p class=\"p1\"><span class=\"s1\"><b>\u2022 Ser\u00e1 gratuito y se llevar\u00e1 a cabo del 9 de julio al 3 de agosto<br \/>\n\u2022 Las inscripciones podr\u00e1n realizarse en la biblioteca m\u00e1s cercana a su domicilio <\/b><\/span><\/p>\n<p class=\"p1\"><span class=\"s1\"><strong>Huixquilucan, Estado de M\u00e9xico.-<\/strong> El gobierno municipal de Huixquilucan, a trav\u00e9s de la Direcci\u00f3n de Desarrollo Social realizar\u00e1 el curso de verano gratuito \u201cMis Vacaciones en la Biblioteca 2018\u201d, que se llevar\u00e1 a cabo del 9 de julio al 3 de agosto en distintos recintos municipales. <\/span><\/p>\n<p class=\"p1\"><span class=\"s1\">\u201cMis Vacaciones en la Biblioteca 2018\u201d, tienen como objetivo acercar a los peque\u00f1os al mundo de los libros a trav\u00e9s de actividades l\u00fadicas, adem\u00e1s de que conozcan los espacios y servicios que ofrecen las bibliotecas del municipio. <\/span><\/p>\n<p class=\"p1\"><span class=\"s1\">Con los talleres \u201cLa lectura, un camino para la cultura de Paz\u201d, \u201cQuiroga y sus m\u00e1gicos relatos: construyendo valores\u201d, \u201cCu\u00e1ntos, cuentos y desastres\u201d, \u201cApasionarte\u201d, \u201cY coincidir\u201d, \u201cEl \u00faltimo juglar\u201d y \u201cUna ojeada a las culturas del mundo\u201d, alrededor de 500 peque\u00f1os podr\u00e1n descubrir la magia de la lectura. <\/span><\/p>\n<p class=\"p1\"><span class=\"s1\">Los interesados en participar en este curso de verano deber\u00e1n acudir a las bibliotecas ubicadas en el Jard\u00edn de la Cultura; en Avenida Palo Solo esquina con Dr. Fernando Quiroz; en las oficinas administrativas de San Fernando, en la escuela primaria Vicente Guerrero en Magdalena Chichicaspa, en el deportivo de San Mart\u00edn , en Avenida L\u00f3pez Mateos esquina con Cedros, en Jes\u00fas del Monte y en Heriberto Jara sin n\u00famero en la colonia Constituyentes de 1917. <\/span><\/p>\n<p class=\"p1\"><span class=\"s1\">Con estas acciones, el gobierno municipal refrenda su compromiso con la sociedad, al brindarle distintas opciones culturales y de recreaci\u00f3n a la ni\u00f1ez y juventud huixquiluquense.<\/span><\/p>\n","protected":false},"excerpt":{"rendered":"<div class=\"mh-excerpt\"><p>\u2022 Ser\u00e1 gratuito y se llevar\u00e1 a cabo del 9 de julio al 3 de <a class=\"mh-excerpt-more\" href=\"https:\/\/foro1025.mx\/?p=2872\" title=\"Tendr\u00e1 Huixquilucan curso de verano \u00abMis Vacaciones en la Biblioteca 2018\u00bb\">&#8230;<\/a><\/p>\n<\/div>","protected":false},"author":1,"featured_media":0,"comment_status":"open","ping_status":"open","sticky":false,"template":"","format":"standard","meta":{"footnotes":""},"categories":[17],"tags":[],"class_list":{"0":"post-2872","1":"post","2":"type-post","3":"status-publish","4":"format-standard","6":"category-huixquilucan"},"_links":{"self":[{"href":"https:\/\/foro1025.mx\/index.php?rest_route=\/wp\/v2\/posts\/2872","targetHints":{"allow":["GET"]}}],"collection":[{"href":"https:\/\/foro1025.mx\/index.php?rest_route=\/wp\/v2\/posts"}],"about":[{"href":"https:\/\/foro1025.mx\/index.php?rest_route=\/wp\/v2\/types\/post"}],"author":[{"embeddable":true,"href":"https:\/\/foro1025.mx\/index.php?rest_route=\/wp\/v2\/users\/1"}],"replies":[{"embeddable":true,"href":"https:\/\/foro1025.mx\/index.php?rest_route=%2Fwp%2Fv2%2Fcomments&post=2872"}],"version-history":[{"count":1,"href":"https:\/\/foro1025.mx\/index.php?rest_route=\/wp\/v2\/posts\/2872\/revisions"}],"predecessor-version":[{"id":2877,"href":"https:\/\/foro1025.mx\/index.php?rest_route=\/wp\/v2\/posts\/2872\/revisions\/2877"}],"wp:attachment":[{"href":"https:\/\/foro1025.mx\/index.php?rest_route=%2Fwp%2Fv2%2Fmedia&parent=2872"}],"wp:term":[{"taxonomy":"category","embeddable":true,"href":"https:\/\/foro1025.mx\/index.php?rest_route=%2Fwp%2Fv2%2Fcategories&post=2872"},{"taxonomy":"post_tag","embeddable":true,"href":"https:\/\/foro1025.mx\/index.php?rest_route=%2Fwp%2Fv2%2Ftags&post=2872"}],"curies":[{"name":"wp","href":"https:\/\/api.w.org\/{rel}","templated":true}]}}