{"id":28730,"date":"2024-04-29T18:04:16","date_gmt":"2024-04-30T00:04:16","guid":{"rendered":"https:\/\/foro1025.mx\/?p=28730"},"modified":"2024-05-07T18:06:52","modified_gmt":"2024-05-08T00:06:52","slug":"karla-fiesco-es-la-candidata-de-la-unidad-ciudadania","status":"publish","type":"post","link":"https:\/\/foro1025.mx\/?p=28730","title":{"rendered":"Karla Fiesco es la candidata de la unidad ciudadan\u00eda"},"content":{"rendered":"<p class=\"p1\"><em>&#8211; Oswaldo G\u00f3mez Gonz\u00e1lez, Fundador del Frente C\u00edvico Nacional, se sum\u00f3 a la coalici\u00f3n<\/em><\/p>\n<p class=\"p1\"><em>&#8211; En su conferencia semanal ante vecinos de San Antonio y La Piedad detall\u00f3 su propuesta movilidad, vialidades seguras y luminarias<\/em><\/p>\n<p class=\"p1\">Karla Fiesco Garc\u00eda es la candidata de la ciudadan\u00eda y de la unidad por lo que cada d\u00eda se suman m\u00e1s liderazgos civiles a su campa\u00f1a por la presidencia municipal de la coalici\u00f3n Fuerza y Coraz\u00f3n por Edom\u00e9x, la cual a tres d\u00edas de su arranque contin\u00faa arriba en las encuestas.<\/p>\n<p class=\"p1\">En conferencia de prensa semanal, realizada en la Explanada de San Antonio, Fiesco Garc\u00eda resalt\u00f3 que su gobierno siempre escuch\u00f3 a la ciudadan\u00eda y en esa l\u00ednea, en el siguiente periodo la participaci\u00f3n de la misma ser\u00e1 fundamental para la aplicaci\u00f3n del presupuesto en obra p\u00fablica.<\/p>\n<p class=\"p1\">Agradeci\u00f3 la suma de Oswaldo G\u00f3mez Gonz\u00e1lez, Fundador del Frente C\u00edvico Nacional y oriundo de Atl\u00e1mica. \u201cAma esta tierra y deja de lado las diferencias para sumarse a un proyecto fuerte, de resultados, son liderazgos reconocidos en Izcalli y nos ayudar\u00e1 a consolidar este gran plan y vamos a tocar todas las puestas, porque es necesario tocarlas todas, para ir en unidad\u201d, indic\u00f3 Karla Fiesco.<\/p>\n<p><img loading=\"lazy\" decoding=\"async\" class=\"aligncenter size-large wp-image-28732\" src=\"https:\/\/foro1025.mx\/wp-content\/uploads\/2024\/05\/WhatsApp-Image-2024-04-29-at-1.19.08-PM-1024x683.jpeg\" alt=\"\" width=\"1024\" height=\"683\" srcset=\"https:\/\/foro1025.mx\/wp-content\/uploads\/2024\/05\/WhatsApp-Image-2024-04-29-at-1.19.08-PM-1024x683.jpeg 1024w, https:\/\/foro1025.mx\/wp-content\/uploads\/2024\/05\/WhatsApp-Image-2024-04-29-at-1.19.08-PM-300x200.jpeg 300w, https:\/\/foro1025.mx\/wp-content\/uploads\/2024\/05\/WhatsApp-Image-2024-04-29-at-1.19.08-PM-768x512.jpeg 768w, https:\/\/foro1025.mx\/wp-content\/uploads\/2024\/05\/WhatsApp-Image-2024-04-29-at-1.19.08-PM-1536x1024.jpeg 1536w, https:\/\/foro1025.mx\/wp-content\/uploads\/2024\/05\/WhatsApp-Image-2024-04-29-at-1.19.08-PM-2048x1366.jpeg 2048w\" sizes=\"auto, (max-width: 1024px) 100vw, 1024px\" \/><\/p>\n<p class=\"p1\">G\u00f3mez Gonz\u00e1lez explic\u00f3 que desde hace tres a\u00f1os encontraron muchas coincidencias con el gobierno de Karla Fiesco y que de todas las puertas que tocaron, la \u00fanica que los valor\u00f3 fue la de la hoy candidata de la coalici\u00f3n Fuerza y Coraz\u00f3n por Edom\u00e9x.<\/p>\n<p class=\"p1\">\u201cNos unimos porque ella sabe de gobernanza, de atenci\u00f3n a la ciudadan\u00eda, no sentimos respaldados por ella y la marcha m\u00e1s importante que vamos a tener este 2 de junio es de nuestras casas a las urnas, a votar por Karla Fiesco porque ella representa un trabajo de continuidad, no promesas\u201d, puntualiz\u00f3 el l\u00edder social.<\/p>\n<p class=\"p1\">En su intervenci\u00f3n el presidente de Nueva Alianza Cuautitl\u00e1n Izcalli, Luis Manuel Velasco, present\u00f3 las encuestas m\u00e1s recientes, las cuales marcan ya, a tres d\u00edas de iniciar las campa\u00f1as una ventaja de hasta 10 puntos de Karla Fiesco sobre su m\u00e1s cercano competidor.<\/p>\n<p><img loading=\"lazy\" decoding=\"async\" class=\"aligncenter size-large wp-image-28733\" src=\"https:\/\/foro1025.mx\/wp-content\/uploads\/2024\/05\/WhatsApp-Image-2024-04-29-at-1.19.21-PM-1024x682.jpeg\" alt=\"\" width=\"1024\" height=\"682\" srcset=\"https:\/\/foro1025.mx\/wp-content\/uploads\/2024\/05\/WhatsApp-Image-2024-04-29-at-1.19.21-PM-1024x682.jpeg 1024w, https:\/\/foro1025.mx\/wp-content\/uploads\/2024\/05\/WhatsApp-Image-2024-04-29-at-1.19.21-PM-300x200.jpeg 300w, https:\/\/foro1025.mx\/wp-content\/uploads\/2024\/05\/WhatsApp-Image-2024-04-29-at-1.19.21-PM-768x511.jpeg 768w, https:\/\/foro1025.mx\/wp-content\/uploads\/2024\/05\/WhatsApp-Image-2024-04-29-at-1.19.21-PM-1536x1022.jpeg 1536w, https:\/\/foro1025.mx\/wp-content\/uploads\/2024\/05\/WhatsApp-Image-2024-04-29-at-1.19.21-PM-2048x1363.jpeg 2048w\" sizes=\"auto, (max-width: 1024px) 100vw, 1024px\" \/><\/p>\n<p class=\"p1\">\u201cEstos datos hablan de la continuidad que Izcalli necesita que es trabajo, amor y empe\u00f1o\u201d, resalt\u00f3.<\/p>\n<p class=\"p1\">Como parte de las acciones que Cuautitl\u00e1n Izcalli tendr\u00e1 para que el trabajo contin\u00fae, Karla Fiesco, detall\u00f3 que en los pr\u00f3ximos a\u00f1os se tendr\u00e1:<\/p>\n<p class=\"p1\">&#8211; 100 por ciento de luminarias encendidas.<\/p>\n<p class=\"p1\">&#8211; La ciudadan\u00eda decidir\u00e1 qu\u00e9 vialidades ser\u00e1n intervenidas con el presupuesto de hasta 1,500 millones en obra p\u00fablica (cifra que es 150 por ciento mayor a la que se ejerci\u00f3 en 2021 con el gobierno anterior).<\/p>\n<p class=\"p1\">&#8211; Fomento a la movilidad activa con la rehabilitaci\u00f3n de ciclov\u00edas, as\u00ed como adecuaciones en intersecciones con altos \u00edndices de incidentes viales.<\/p>\n<p class=\"p1\">&#8211; Creaci\u00f3n de un corredor cultural en avenida del Jacal, en La Perla.<\/p>\n<p class=\"p1\">&#8211; Para avanzar en temas de inclusi\u00f3n se impulsar\u00e1n las rampas de accesibilidad en banquetas para llegar, en una primera etapa, al 20 por ciento de total de estas.<\/p>\n","protected":false},"excerpt":{"rendered":"<div class=\"mh-excerpt\"><p>&#8211; Oswaldo G\u00f3mez Gonz\u00e1lez, Fundador del Frente C\u00edvico Nacional, se sum\u00f3 a la coalici\u00f3n &#8211; <a class=\"mh-excerpt-more\" href=\"https:\/\/foro1025.mx\/?p=28730\" title=\"Karla Fiesco es la candidata de la unidad ciudadan\u00eda\">&#8230;<\/a><\/p>\n<\/div>","protected":false},"author":1,"featured_media":28731,"comment_status":"closed","ping_status":"closed","sticky":false,"template":"","format":"standard","meta":{"footnotes":""},"categories":[44],"tags":[61,63],"class_list":{"0":"post-28730","1":"post","2":"type-post","3":"status-publish","4":"format-standard","5":"has-post-thumbnail","7":"category-elecciones-2024","8":"tag-cuautitlan-izcalli","9":"tag-kar"},"_links":{"self":[{"href":"https:\/\/foro1025.mx\/index.php?rest_route=\/wp\/v2\/posts\/28730","targetHints":{"allow":["GET"]}}],"collection":[{"href":"https:\/\/foro1025.mx\/index.php?rest_route=\/wp\/v2\/posts"}],"about":[{"href":"https:\/\/foro1025.mx\/index.php?rest_route=\/wp\/v2\/types\/post"}],"author":[{"embeddable":true,"href":"https:\/\/foro1025.mx\/index.php?rest_route=\/wp\/v2\/users\/1"}],"replies":[{"embeddable":true,"href":"https:\/\/foro1025.mx\/index.php?rest_route=%2Fwp%2Fv2%2Fcomments&post=28730"}],"version-history":[{"count":1,"href":"https:\/\/foro1025.mx\/index.php?rest_route=\/wp\/v2\/posts\/28730\/revisions"}],"predecessor-version":[{"id":28734,"href":"https:\/\/foro1025.mx\/index.php?rest_route=\/wp\/v2\/posts\/28730\/revisions\/28734"}],"wp:featuredmedia":[{"embeddable":true,"href":"https:\/\/foro1025.mx\/index.php?rest_route=\/wp\/v2\/media\/28731"}],"wp:attachment":[{"href":"https:\/\/foro1025.mx\/index.php?rest_route=%2Fwp%2Fv2%2Fmedia&parent=28730"}],"wp:term":[{"taxonomy":"category","embeddable":true,"href":"https:\/\/foro1025.mx\/index.php?rest_route=%2Fwp%2Fv2%2Fcategories&post=28730"},{"taxonomy":"post_tag","embeddable":true,"href":"https:\/\/foro1025.mx\/index.php?rest_route=%2Fwp%2Fv2%2Ftags&post=28730"}],"curies":[{"name":"wp","href":"https:\/\/api.w.org\/{rel}","templated":true}]}}