{"id":28740,"date":"2024-05-01T18:09:21","date_gmt":"2024-05-02T00:09:21","guid":{"rendered":"https:\/\/foro1025.mx\/?p=28740"},"modified":"2024-05-07T18:29:40","modified_gmt":"2024-05-08T00:29:40","slug":"karla-fiesco-ilumina-cuautitlan-izcalli","status":"publish","type":"post","link":"https:\/\/foro1025.mx\/?p=28740","title":{"rendered":"Karla Fiesco ilumina Cuautitl\u00e1n Izcalli"},"content":{"rendered":"<p class=\"p1\"><em>\u2022 \u201cSoy izcallense como t\u00fa, conozco todo el municipio, este 2 de junio salgamos a votar por la continuidad\u201d<\/em><\/p>\n<p class=\"p1\"><em>\u2022 Despu\u00e9s de hacer que Izcalli brille con m\u00e1s de 17 mil luminarias nuevas y 17 mil 600 rehabilitadas, en los dos \u00faltimos a\u00f1os, ahora se va por el 100 por ciento del funcionamiento de las mismas<\/em><\/p>\n<p class=\"p1\"><em>\u2022 En su visita al Parque el Colibr\u00ed, en la zona de La Quebrada donde 400 luminarias fueron arregladas, Karla Fiesco proyect\u00f3 que su pr\u00f3ximo gobierno colocar\u00e1 10 mil luminarias m\u00e1s, con lo que se tendr\u00e1 una cobertura del 100 por ciento<\/em><\/p>\n<p class=\"p1\">Karla Fiesco hace brillar a Cuautitl\u00e1n Izcalli y, en los dos \u00faltimos a\u00f1os, coloc\u00f3 17 mil nuevas y rehabilit\u00f3 17 mil 600 luminarias por lo que ahora va por la cobertura del 100 por ciento del funcionamiento de las mismas para brindar caminos seguros, \u00e1reas comunes protegidas y tranquilidad a las familias.<\/p>\n<p class=\"p1\">La candidata a la presidencia municipal de la coalici\u00f3n Fuerza y Coraz\u00f3n por Edom\u00e9x, Karla Fiesco Garc\u00eda, expuso en su visita al Parque el Colibr\u00ed, en la zona de La Quebrada, que la meta es colocar 10 mil luminarias m\u00e1s para tener una cobertura total e iluminar a Izcalli como nunca antes se hab\u00eda hecho.<\/p>\n<p><img loading=\"lazy\" decoding=\"async\" class=\"aligncenter size-large wp-image-28742\" src=\"https:\/\/foro1025.mx\/wp-content\/uploads\/2024\/05\/WhatsApp-Image-2024-05-01-at-4.05.24-PM-2-1024x683.jpeg\" alt=\"\" width=\"1024\" height=\"683\" srcset=\"https:\/\/foro1025.mx\/wp-content\/uploads\/2024\/05\/WhatsApp-Image-2024-05-01-at-4.05.24-PM-2-1024x683.jpeg 1024w, https:\/\/foro1025.mx\/wp-content\/uploads\/2024\/05\/WhatsApp-Image-2024-05-01-at-4.05.24-PM-2-300x200.jpeg 300w, https:\/\/foro1025.mx\/wp-content\/uploads\/2024\/05\/WhatsApp-Image-2024-05-01-at-4.05.24-PM-2-768x512.jpeg 768w, https:\/\/foro1025.mx\/wp-content\/uploads\/2024\/05\/WhatsApp-Image-2024-05-01-at-4.05.24-PM-2-1536x1024.jpeg 1536w, https:\/\/foro1025.mx\/wp-content\/uploads\/2024\/05\/WhatsApp-Image-2024-05-01-at-4.05.24-PM-2-2048x1366.jpeg 2048w\" sizes=\"auto, (max-width: 1024px) 100vw, 1024px\" \/><\/p>\n<p class=\"p1\">\u201cEn mi plan de gobierno no hay distinciones, no fomentamos la divisi\u00f3n, nuestro gobierno ser\u00e1 para todas y todos\u2026 hace tres a\u00f1os vine a pedir tu confianza y regresamos con un arcotecho en la escuela Benito Ju\u00e1rez, que despu\u00e9s de 15 a\u00f1os de peticiones se hizo e iluminamos las calles con 400 luminarias\u201d, indic\u00f3 la candidata.<\/p>\n<p class=\"p1\">Puntualiz\u00f3 que conoce el sentimiento de esta zona del municipio porque vivi\u00f3 en Hacienda del Parque, por lo que siempre est\u00e1 al pendiente en atender y solucionar las diferentes problem\u00e1ticas de la zona.<\/p>\n<p class=\"p1\">\u201cSoy Karla Fiesco, izcallense como t\u00fa, que s\u00ed conoce las necesidades de todo el municipio, por eso te pido que este 2 de julio salgamos a votar por la continuidad\u201d, dijo a las y los vecinos.<\/p>\n<p class=\"p1\">En el tema de las luminarias detall\u00f3 la construcci\u00f3n de dos sendas Iluminadas denominadas \u00b4Mujer Segura\u00b4 donde se instalaron y repararon 691 luminarias.<\/p>\n<p><img loading=\"lazy\" decoding=\"async\" class=\"aligncenter size-large wp-image-28743\" src=\"https:\/\/foro1025.mx\/wp-content\/uploads\/2024\/05\/WhatsApp-Image-2024-05-01-at-4.05.32-PM-1024x682.jpeg\" alt=\"\" width=\"1024\" height=\"682\" srcset=\"https:\/\/foro1025.mx\/wp-content\/uploads\/2024\/05\/WhatsApp-Image-2024-05-01-at-4.05.32-PM-1024x682.jpeg 1024w, https:\/\/foro1025.mx\/wp-content\/uploads\/2024\/05\/WhatsApp-Image-2024-05-01-at-4.05.32-PM-300x200.jpeg 300w, https:\/\/foro1025.mx\/wp-content\/uploads\/2024\/05\/WhatsApp-Image-2024-05-01-at-4.05.32-PM-768x512.jpeg 768w, https:\/\/foro1025.mx\/wp-content\/uploads\/2024\/05\/WhatsApp-Image-2024-05-01-at-4.05.32-PM.jpeg 1280w\" sizes=\"auto, (max-width: 1024px) 100vw, 1024px\" \/><\/p>\n<p class=\"p1\">Con este trabajo integral, por primera vez en 50 a\u00f1os, se ilumin\u00f3 el Camino a la Laguna, entre San Francisco Tepojaco y La Piedad, se instalaron otras en el puente Mexiquense, a la altura de Santa Mar\u00eda Guadalupe Las Torres, y se repararon las ubicadas en la intersecci\u00f3n de entrada y salida de la Autopista M\u00e9xico-Quer\u00e9taro, hacia la Ford, as\u00ed como en los parques Chopos, Benito Ju\u00e1rez y Colibr\u00ed en La Quebrada se colocaron nuevas y rehabilitaron para hacerlos puntos de reuni\u00f3n seguros.<\/p>\n<p class=\"p1\">\u201cAhora mi compromiso es que todo el alumbrado p\u00fablico est\u00e9 encendido y funcionando en el municipio: vialidades, centros educativos, zonas de entretenimiento nocturno, circuitos de movilidad y paraderos; ser\u00e9 clara y concreta, vamos a iluminar Izcalli al 100 por ciento\u201d, resalt\u00f3.<\/p>\n","protected":false},"excerpt":{"rendered":"<div class=\"mh-excerpt\"><p>\u2022 \u201cSoy izcallense como t\u00fa, conozco todo el municipio, este 2 de junio salgamos a <a class=\"mh-excerpt-more\" href=\"https:\/\/foro1025.mx\/?p=28740\" title=\"Karla Fiesco ilumina Cuautitl\u00e1n Izcalli\">&#8230;<\/a><\/p>\n<\/div>","protected":false},"author":1,"featured_media":28741,"comment_status":"closed","ping_status":"closed","sticky":false,"template":"","format":"standard","meta":{"footnotes":""},"categories":[44],"tags":[61,60],"class_list":{"0":"post-28740","1":"post","2":"type-post","3":"status-publish","4":"format-standard","5":"has-post-thumbnail","7":"category-elecciones-2024","8":"tag-cuautitlan-izcalli","9":"tag-karla-fiesco"},"_links":{"self":[{"href":"https:\/\/foro1025.mx\/index.php?rest_route=\/wp\/v2\/posts\/28740","targetHints":{"allow":["GET"]}}],"collection":[{"href":"https:\/\/foro1025.mx\/index.php?rest_route=\/wp\/v2\/posts"}],"about":[{"href":"https:\/\/foro1025.mx\/index.php?rest_route=\/wp\/v2\/types\/post"}],"author":[{"embeddable":true,"href":"https:\/\/foro1025.mx\/index.php?rest_route=\/wp\/v2\/users\/1"}],"replies":[{"embeddable":true,"href":"https:\/\/foro1025.mx\/index.php?rest_route=%2Fwp%2Fv2%2Fcomments&post=28740"}],"version-history":[{"count":1,"href":"https:\/\/foro1025.mx\/index.php?rest_route=\/wp\/v2\/posts\/28740\/revisions"}],"predecessor-version":[{"id":28744,"href":"https:\/\/foro1025.mx\/index.php?rest_route=\/wp\/v2\/posts\/28740\/revisions\/28744"}],"wp:featuredmedia":[{"embeddable":true,"href":"https:\/\/foro1025.mx\/index.php?rest_route=\/wp\/v2\/media\/28741"}],"wp:attachment":[{"href":"https:\/\/foro1025.mx\/index.php?rest_route=%2Fwp%2Fv2%2Fmedia&parent=28740"}],"wp:term":[{"taxonomy":"category","embeddable":true,"href":"https:\/\/foro1025.mx\/index.php?rest_route=%2Fwp%2Fv2%2Fcategories&post=28740"},{"taxonomy":"post_tag","embeddable":true,"href":"https:\/\/foro1025.mx\/index.php?rest_route=%2Fwp%2Fv2%2Ftags&post=28740"}],"curies":[{"name":"wp","href":"https:\/\/api.w.org\/{rel}","templated":true}]}}