{"id":28762,"date":"2024-05-06T19:06:13","date_gmt":"2024-05-07T01:06:13","guid":{"rendered":"https:\/\/foro1025.mx\/?p=28762"},"modified":"2024-05-07T19:10:19","modified_gmt":"2024-05-08T01:10:19","slug":"abuelitos-de-izcalli-tendran-servicios-de-salud-especializados-karla-fiesco","status":"publish","type":"post","link":"https:\/\/foro1025.mx\/?p=28762","title":{"rendered":"Abuelitos de Izcalli tendr\u00e1n servicios de salud especializados: Karla Fiesco"},"content":{"rendered":"<p class=\"p1\"><em>* Se<span class=\"Apple-converted-space\">\u00a0 <\/span>construir\u00e1 Centro de Geriatr\u00eda Municipal para ofrecer servicios de salud y medicamentos a bajo costo<\/em><\/p>\n<p class=\"p1\"><em>* Continuar\u00e1 certeza jur\u00eddica para las y los adultos de la tercera edad con programas testamentarios<\/em><\/p>\n<p class=\"p1\"><em>* Encuestas muestran una ventaja de dos d\u00edgitos a favor de la candidata de la coalici\u00f3n Fuerza y Coraz\u00f3n por EDOM\u00c9X <span class=\"Apple-converted-space\">\u00a0 \u00a0<\/span><\/em><\/p>\n<p class=\"p1\">Para que el trabajo contin\u00fae en Cuautitl\u00e1n Izcalli, un eje clave es la salud, especialmente, la de las abuelitas y abuelitos del municipio. Por lo que la candidata de la coalici\u00f3n Fuerza y Coraz\u00f3n por EDOM\u00c9X, Karla Fiesco Garc\u00eda, construir\u00e1 el Centro de Geriatr\u00eda Municipal.<\/p>\n<p class=\"p1\">En el municipio las y los adultos mayores representan el 14.5 por ciento de la poblaci\u00f3n por lo que la demanda de los servicios de salud especializados debe atenderse e Izcalli ser\u00e1 pionero en la regi\u00f3n.<\/p>\n<p class=\"p1\">\u201cVamos a crear el primer Centro de Geriatr\u00eda Municipal, con especialidades en cardiolog\u00eda, geriatr\u00eda, neurolog\u00eda, ortopedia, oftalmolog\u00eda y odontolog\u00eda a bajo costo\u201d, indic\u00f3 Karla Fiesco en conferencia de prensa.<\/p>\n<p class=\"p1\">La candidata se\u00f1al\u00f3 que ya se cuenta con el espacio f\u00edsico para la construcci\u00f3n por lo que el siguiente paso es la asignaci\u00f3n del presupuesto y, con ello, garantizar uno de los rubros de salud con mayor demanda local. <span class=\"Apple-converted-space\">\u00a0 \u00a0<\/span><\/p>\n<p class=\"p1\">\u201cAdem\u00e1s, proporcionaremos aparatos funcionales como bastones, sillas de ruedas, andaderas, lentes, aparatos auditivos entre otros, para quien m\u00e1s los necesite, as\u00ed como la creaci\u00f3n de un programa de donaci\u00f3n para que otras personas los puedan aprovechar\u201d, detall\u00f3.<\/p>\n<p><img loading=\"lazy\" decoding=\"async\" class=\"aligncenter size-large wp-image-28764\" src=\"https:\/\/foro1025.mx\/wp-content\/uploads\/2024\/05\/WhatsApp-Image-2024-05-06-at-12.23.25-PM-1-1024x682.jpeg\" alt=\"\" width=\"1024\" height=\"682\" srcset=\"https:\/\/foro1025.mx\/wp-content\/uploads\/2024\/05\/WhatsApp-Image-2024-05-06-at-12.23.25-PM-1-1024x682.jpeg 1024w, https:\/\/foro1025.mx\/wp-content\/uploads\/2024\/05\/WhatsApp-Image-2024-05-06-at-12.23.25-PM-1-300x200.jpeg 300w, https:\/\/foro1025.mx\/wp-content\/uploads\/2024\/05\/WhatsApp-Image-2024-05-06-at-12.23.25-PM-1-768x512.jpeg 768w, https:\/\/foro1025.mx\/wp-content\/uploads\/2024\/05\/WhatsApp-Image-2024-05-06-at-12.23.25-PM-1.jpeg 1280w\" sizes=\"auto, (max-width: 1024px) 100vw, 1024px\" \/><\/p>\n<p class=\"p1\">Dentro del Programa Integral de Apoyo a Adultos Mayores se rehabilitar\u00e1n m\u00e1s casas y clubes del adulto mayor, se entregar\u00e1n botones de auxilio a adultos mayores y casas de d\u00eda, con la finalidad de estar siempre conectados a las centrales de emergencias.<\/p>\n<p class=\"p1\">Record\u00f3 que hasta el momento se han beneficiado m\u00e1s de 21 mil adultos mayores con 207 jornadas y m\u00e1s de mil 200 actividades en las casas de d\u00eda, adem\u00e1s de asesor\u00edas para brindarles certeza de legal en sus patrimonios, as\u00ed como jornadas de salud para ellos.<\/p>\n<p class=\"p1\">Uno de los rubros m\u00e1s constantes es el de testamentos, donde se han entregado mil 500 y el mayor porcentaje de beneficiados son adultos mayores.<\/p>\n<p class=\"p1\">Karla Fiesco a\u00f1adi\u00f3 que el Centro de Geriatr\u00eda Municipal reforzar\u00e1 otras acciones de salud que ya realiz\u00f3 en Izcalli como lo son los servicios del Centro de Atenci\u00f3n Psicol\u00f3gica, Pedag\u00f3gica y Psiqui\u00e1trica (CAPPPCI) y el Centro de Autismo de Cuautitl\u00e1n Izcalli (CATCI), con programas y apoyos a personas vulnerables, en donde se ofrecen consultas y terapias a precios m\u00e1s accesibles.<\/p>\n<p class=\"p1\">En el encuentro con medios, se dio a conocer que la candidata de la coalici\u00f3n Fuerza y Coraz\u00f3n por EDOM\u00c9X contin\u00faa al frente en las encuestas con una diferencia de hasta 11 puntos ante su m\u00e1s cercano competidor.<\/p>\n","protected":false},"excerpt":{"rendered":"<div class=\"mh-excerpt\"><p>* Se\u00a0 construir\u00e1 Centro de Geriatr\u00eda Municipal para ofrecer servicios de salud y medicamentos a <a class=\"mh-excerpt-more\" href=\"https:\/\/foro1025.mx\/?p=28762\" title=\"Abuelitos de Izcalli tendr\u00e1n servicios de salud especializados: Karla Fiesco\">&#8230;<\/a><\/p>\n<\/div>","protected":false},"author":1,"featured_media":28763,"comment_status":"closed","ping_status":"closed","sticky":false,"template":"","format":"standard","meta":{"footnotes":""},"categories":[44],"tags":[61,60],"class_list":{"0":"post-28762","1":"post","2":"type-post","3":"status-publish","4":"format-standard","5":"has-post-thumbnail","7":"category-elecciones-2024","8":"tag-cuautitlan-izcalli","9":"tag-karla-fiesco"},"_links":{"self":[{"href":"https:\/\/foro1025.mx\/index.php?rest_route=\/wp\/v2\/posts\/28762","targetHints":{"allow":["GET"]}}],"collection":[{"href":"https:\/\/foro1025.mx\/index.php?rest_route=\/wp\/v2\/posts"}],"about":[{"href":"https:\/\/foro1025.mx\/index.php?rest_route=\/wp\/v2\/types\/post"}],"author":[{"embeddable":true,"href":"https:\/\/foro1025.mx\/index.php?rest_route=\/wp\/v2\/users\/1"}],"replies":[{"embeddable":true,"href":"https:\/\/foro1025.mx\/index.php?rest_route=%2Fwp%2Fv2%2Fcomments&post=28762"}],"version-history":[{"count":1,"href":"https:\/\/foro1025.mx\/index.php?rest_route=\/wp\/v2\/posts\/28762\/revisions"}],"predecessor-version":[{"id":28765,"href":"https:\/\/foro1025.mx\/index.php?rest_route=\/wp\/v2\/posts\/28762\/revisions\/28765"}],"wp:featuredmedia":[{"embeddable":true,"href":"https:\/\/foro1025.mx\/index.php?rest_route=\/wp\/v2\/media\/28763"}],"wp:attachment":[{"href":"https:\/\/foro1025.mx\/index.php?rest_route=%2Fwp%2Fv2%2Fmedia&parent=28762"}],"wp:term":[{"taxonomy":"category","embeddable":true,"href":"https:\/\/foro1025.mx\/index.php?rest_route=%2Fwp%2Fv2%2Fcategories&post=28762"},{"taxonomy":"post_tag","embeddable":true,"href":"https:\/\/foro1025.mx\/index.php?rest_route=%2Fwp%2Fv2%2Ftags&post=28762"}],"curies":[{"name":"wp","href":"https:\/\/api.w.org\/{rel}","templated":true}]}}