{"id":28771,"date":"2024-04-30T21:55:37","date_gmt":"2024-05-01T03:55:37","guid":{"rendered":"https:\/\/foro1025.mx\/?p=28771"},"modified":"2024-05-07T19:58:14","modified_gmt":"2024-05-08T01:58:14","slug":"celebra-aldo-ledezma-a-los-ninos-en-el-marco-del-30-de-abril","status":"publish","type":"post","link":"https:\/\/foro1025.mx\/?p=28771","title":{"rendered":"Celebra Aldo Ledezma a los ni\u00f1os en el marco del 30 de Abril"},"content":{"rendered":"<p class=\"p1\"><em>-Destaca la importancia de la prevenci\u00f3n y atenci\u00f3n al sector poblacional infantil.<\/em><\/p>\n<p class=\"p1\">El candidato a la Presidencia Municipal de Cuautitl\u00e1n por la alianza PRI-PAN-PRD-NA Aldo Ledezma conmino a los menores en el marco de la celebraci\u00f3n del D\u00eda del Ni\u00f1o a aplicarse en sus estudios porque de esa manera lograr\u00e1n su objetivo de vida, \u00abpodr\u00e1n lograr y ser lo que ustedes quieran\u00bb.<\/p>\n<p><img loading=\"lazy\" decoding=\"async\" class=\"aligncenter size-large wp-image-28773\" src=\"https:\/\/foro1025.mx\/wp-content\/uploads\/2024\/05\/WhatsApp-Image-2024-04-30-at-8.50.03-PM-2-1024x768.jpeg\" alt=\"\" width=\"1024\" height=\"768\" srcset=\"https:\/\/foro1025.mx\/wp-content\/uploads\/2024\/05\/WhatsApp-Image-2024-04-30-at-8.50.03-PM-2-1024x768.jpeg 1024w, https:\/\/foro1025.mx\/wp-content\/uploads\/2024\/05\/WhatsApp-Image-2024-04-30-at-8.50.03-PM-2-300x225.jpeg 300w, https:\/\/foro1025.mx\/wp-content\/uploads\/2024\/05\/WhatsApp-Image-2024-04-30-at-8.50.03-PM-2-768x576.jpeg 768w, https:\/\/foro1025.mx\/wp-content\/uploads\/2024\/05\/WhatsApp-Image-2024-04-30-at-8.50.03-PM-2-1536x1152.jpeg 1536w, https:\/\/foro1025.mx\/wp-content\/uploads\/2024\/05\/WhatsApp-Image-2024-04-30-at-8.50.03-PM-2-678x509.jpeg 678w, https:\/\/foro1025.mx\/wp-content\/uploads\/2024\/05\/WhatsApp-Image-2024-04-30-at-8.50.03-PM-2-326x245.jpeg 326w, https:\/\/foro1025.mx\/wp-content\/uploads\/2024\/05\/WhatsApp-Image-2024-04-30-at-8.50.03-PM-2-80x60.jpeg 80w, https:\/\/foro1025.mx\/wp-content\/uploads\/2024\/05\/WhatsApp-Image-2024-04-30-at-8.50.03-PM-2.jpeg 1600w\" sizes=\"auto, (max-width: 1024px) 100vw, 1024px\" \/><\/p>\n<p class=\"p1\">Al encabezar la celebraci\u00f3n del D\u00eda del Ni\u00f1o en el centro de Cuautitl\u00e1n, el candidato Aldo Ledezma Reyna, dijo en su mensaje a los menores, que sean cumplidos con sus tareas, \u00abestudien mucho y luego en su momento trabajen duro para que logren lo que ustedes quieran en la vida\u00bb.<\/p>\n<p class=\"p1\">Aldo Ledezma en sus propuestas de campa\u00f1a contempla programas de atenci\u00f3n y prevenci\u00f3n para las ni\u00f1as y los ni\u00f1os, a trav\u00e9s de las instancias municipales correspondientes.<\/p>\n<p class=\"p1\">Expuso el candidato Aldo Ledezma que la atenci\u00f3n a los menores es y sera prioritaria en su gobierno, \u00abcuidar y proteger a nuestros ni\u00f1os es proteger a las futuras generaciones\u00bb.<\/p>\n","protected":false},"excerpt":{"rendered":"<div class=\"mh-excerpt\"><p>-Destaca la importancia de la prevenci\u00f3n y atenci\u00f3n al sector poblacional infantil. El candidato a <a class=\"mh-excerpt-more\" href=\"https:\/\/foro1025.mx\/?p=28771\" title=\"Celebra Aldo Ledezma a los ni\u00f1os en el marco del 30 de Abril\">&#8230;<\/a><\/p>\n<\/div>","protected":false},"author":1,"featured_media":28772,"comment_status":"closed","ping_status":"closed","sticky":false,"template":"","format":"standard","meta":{"footnotes":""},"categories":[44],"tags":[65,64],"class_list":{"0":"post-28771","1":"post","2":"type-post","3":"status-publish","4":"format-standard","5":"has-post-thumbnail","7":"category-elecciones-2024","8":"tag-aldo-ledezma","9":"tag-cuautitlan"},"_links":{"self":[{"href":"https:\/\/foro1025.mx\/index.php?rest_route=\/wp\/v2\/posts\/28771","targetHints":{"allow":["GET"]}}],"collection":[{"href":"https:\/\/foro1025.mx\/index.php?rest_route=\/wp\/v2\/posts"}],"about":[{"href":"https:\/\/foro1025.mx\/index.php?rest_route=\/wp\/v2\/types\/post"}],"author":[{"embeddable":true,"href":"https:\/\/foro1025.mx\/index.php?rest_route=\/wp\/v2\/users\/1"}],"replies":[{"embeddable":true,"href":"https:\/\/foro1025.mx\/index.php?rest_route=%2Fwp%2Fv2%2Fcomments&post=28771"}],"version-history":[{"count":1,"href":"https:\/\/foro1025.mx\/index.php?rest_route=\/wp\/v2\/posts\/28771\/revisions"}],"predecessor-version":[{"id":28774,"href":"https:\/\/foro1025.mx\/index.php?rest_route=\/wp\/v2\/posts\/28771\/revisions\/28774"}],"wp:featuredmedia":[{"embeddable":true,"href":"https:\/\/foro1025.mx\/index.php?rest_route=\/wp\/v2\/media\/28772"}],"wp:attachment":[{"href":"https:\/\/foro1025.mx\/index.php?rest_route=%2Fwp%2Fv2%2Fmedia&parent=28771"}],"wp:term":[{"taxonomy":"category","embeddable":true,"href":"https:\/\/foro1025.mx\/index.php?rest_route=%2Fwp%2Fv2%2Fcategories&post=28771"},{"taxonomy":"post_tag","embeddable":true,"href":"https:\/\/foro1025.mx\/index.php?rest_route=%2Fwp%2Fv2%2Ftags&post=28771"}],"curies":[{"name":"wp","href":"https:\/\/api.w.org\/{rel}","templated":true}]}}