{"id":2882,"date":"2018-07-03T13:20:48","date_gmt":"2018-07-03T18:20:48","guid":{"rendered":"https:\/\/foro1025.mx\/?p=2882"},"modified":"2018-07-03T13:20:48","modified_gmt":"2018-07-03T18:20:48","slug":"disfrutan-mexiquenses-de-tarde-operistica-en-toluca","status":"publish","type":"post","link":"https:\/\/foro1025.mx\/?p=2882","title":{"rendered":"Disfrutan mexiquenses de tarde oper\u00edstica en Toluca"},"content":{"rendered":"<p class=\"p5\"><i>\u2022 Ofrece Coro Polif\u00f3nico del Estado de M\u00e9xico concierto de arias de \u00f3pera.<\/i><\/p>\n<p class=\"p5\"><i>\u2022 Destacan coreograf\u00edas preparadas por integrantes del Coro.<\/i><\/p>\n<p class=\"p5\"><b>Toluca, Estado de M\u00e9xico.-\u00a0<\/b>El Coro Polif\u00f3nico del Estado de M\u00e9xico, administrado por la Secretar\u00eda de Cultura, congreg\u00f3 a familias mexiquenses, en la Sala de conciertos \u201cFelipe Villanueva\u201d, donde ofreci\u00f3 un concierto de arias de \u00f3pera.<\/p>\n<p class=\"p5\">El programa const\u00f3 de piezas como Nabucco, Carmen, Don Pasquale, Madama Butterfly, Tosca, La Traviata, El barbero de Sevilla, El Trovador y Motetes, esta \u00faltima de la autor\u00eda de Jos\u00e9 Francisco Medina, y en la que se pudo escuchar al Director del Coro, Manuel Flores Palacios, en su especialidad de tenor.<\/p>\n<p class=\"p5\">Destacaron, asimismo, el papel de los solistas quienes interactuaron con el p\u00fablico, as\u00ed como las coreograf\u00edas que los integrantes del Coro realizaron, dando un toque muy especial a cada una de las actuaciones y motivo de aplausos y ovaciones por parte de las y los mexiquenses.<\/p>\n<p class=\"p5\">En esta presentaci\u00f3n, el Coro estuvo dirigido por Jos\u00e9 Francisco Medina, oriundo de Tijuana, Baja California, pianista, director esc\u00e9nico y tenor, quien ha trabajado en algunos de los teatros m\u00e1s importantes de Europa y Am\u00e9rica y con grandes figuras como Lalo Schifrin, Joan Sutherland, Alfredo Kraus y Fernando de la Mora, entre otras.<\/p>\n<p class=\"p5\">Los interesados en conocer la programaci\u00f3n del Coro Polif\u00f3nico del Estado de M\u00e9xico, pueden consultar el sitio web de la Secretar\u00eda en cultura.edomex.gob.mx y el de la Orquesta Sinf\u00f3nica del Estado de M\u00e9xico en osem.edomex.gob.mx<\/p>\n","protected":false},"excerpt":{"rendered":"<div class=\"mh-excerpt\"><p>\u2022 Ofrece Coro Polif\u00f3nico del Estado de M\u00e9xico concierto de arias de \u00f3pera. \u2022 Destacan <a class=\"mh-excerpt-more\" href=\"https:\/\/foro1025.mx\/?p=2882\" title=\"Disfrutan mexiquenses de tarde oper\u00edstica en Toluca\">&#8230;<\/a><\/p>\n<\/div>","protected":false},"author":1,"featured_media":0,"comment_status":"open","ping_status":"open","sticky":false,"template":"","format":"standard","meta":{"footnotes":""},"categories":[20,13,12],"tags":[],"class_list":{"0":"post-2882","1":"post","2":"type-post","3":"status-publish","4":"format-standard","6":"category-cultura","7":"category-estado-de-mexico","8":"category-toluca"},"_links":{"self":[{"href":"https:\/\/foro1025.mx\/index.php?rest_route=\/wp\/v2\/posts\/2882","targetHints":{"allow":["GET"]}}],"collection":[{"href":"https:\/\/foro1025.mx\/index.php?rest_route=\/wp\/v2\/posts"}],"about":[{"href":"https:\/\/foro1025.mx\/index.php?rest_route=\/wp\/v2\/types\/post"}],"author":[{"embeddable":true,"href":"https:\/\/foro1025.mx\/index.php?rest_route=\/wp\/v2\/users\/1"}],"replies":[{"embeddable":true,"href":"https:\/\/foro1025.mx\/index.php?rest_route=%2Fwp%2Fv2%2Fcomments&post=2882"}],"version-history":[{"count":1,"href":"https:\/\/foro1025.mx\/index.php?rest_route=\/wp\/v2\/posts\/2882\/revisions"}],"predecessor-version":[{"id":2885,"href":"https:\/\/foro1025.mx\/index.php?rest_route=\/wp\/v2\/posts\/2882\/revisions\/2885"}],"wp:attachment":[{"href":"https:\/\/foro1025.mx\/index.php?rest_route=%2Fwp%2Fv2%2Fmedia&parent=2882"}],"wp:term":[{"taxonomy":"category","embeddable":true,"href":"https:\/\/foro1025.mx\/index.php?rest_route=%2Fwp%2Fv2%2Fcategories&post=2882"},{"taxonomy":"post_tag","embeddable":true,"href":"https:\/\/foro1025.mx\/index.php?rest_route=%2Fwp%2Fv2%2Ftags&post=2882"}],"curies":[{"name":"wp","href":"https:\/\/api.w.org\/{rel}","templated":true}]}}