{"id":2884,"date":"2018-07-03T13:23:54","date_gmt":"2018-07-03T18:23:54","guid":{"rendered":"https:\/\/foro1025.mx\/?p=2884"},"modified":"2018-07-03T13:23:54","modified_gmt":"2018-07-03T18:23:54","slug":"invita-secretaria-de-cultura-a-visitar-exposiciones-en-su-red-de-museos","status":"publish","type":"post","link":"https:\/\/foro1025.mx\/?p=2884","title":{"rendered":"Invita Secretar\u00eda de Cultura a visitar exposiciones en su red de museos"},"content":{"rendered":"<p class=\"p5\"><i>\u2022 Celebrar\u00e1n, el 5 de julio, 38 Aniversario del Jard\u00edn Bot\u00e1nico \u201cCosmovitral\u201d con la inauguraci\u00f3n de la exposici\u00f3n \u201cPasi\u00f3n por el bons\u00e1i\u201d.<\/i><\/p>\n<p class=\"p5\"><i>\u2022 Consulta la cartelera en el sitio web cultura.edomex.gob.mx.<\/i><\/p>\n<p class=\"p5\"><b>Toluca, Estado de M\u00e9xico.-<\/b> La Secretar\u00eda de Cultura mexiquense cuenta con una oferta permanente, a trav\u00e9s de su red de museos, de una importante gama de exposiciones multidisciplinarias.<\/p>\n<p class=\"p5\">En este mes, los museos ubicados en el Centro Hist\u00f3rico de Toluca abrir\u00e1n sus puertas para que las y los mexiquenses se acerquen a las exposiciones que bajo los t\u00edtulos: \u201cCitizen\u201d y \u201cPresencia de los caudillos en la numism\u00e1tica\u201d presenta el museo que promueve el arte de coleccionar monedas y billetes.<\/p>\n<p class=\"p5\">El Museo-taller \u201cLuis Nishizawa\u201d mantiene vigente la exposici\u00f3n integrada por art\u00edculos personales del maestro y su familia: \u201cNishizawa \u00edntimo\u201d, que ofrece un recorrido poco conocido, adem\u00e1s de la pr\u00f3xima inauguraci\u00f3n a realizarse el 13 de julio, a las 12:00 horas, y que presenta los trabajos del Colegio de Arte y Ciencia de la Vida.<\/p>\n<p class=\"p5\">Por su parte, el Museo \u201cJos\u00e9 Mar\u00eda Velasco\u201d exhibe la muestra que integra las piezas ganadoras de la \u201cSegunda Bienal Nacional del Paisaje de Sonora\u201d, cuyo objetivo es proyectar el trabajo de los sonorenses al interior de la Rep\u00fablica mexicana.<\/p>\n<p class=\"p5\">En el Museo \u201cFelipe Santiago Guti\u00e9rrez\u201d, Ver\u00f3nica Conzuelo exhibe su obra pict\u00f3rica \u201cBajo el cielo del Nevado\u201d en sus \u00faltimos d\u00edas, siendo el t\u00e9rmino de \u00e9sta el s\u00e1bado 21 de julio.<\/p>\n<p class=\"p5\">El 5 de julio es una fecha muy importante para la Secretar\u00eda de Cultura dado que es el aniversario del Jard\u00edn bot\u00e1nico \u201cCosmovitral\u201d y en el marco de esta celebraci\u00f3n se inaugura cada a\u00f1o, la exposici\u00f3n \u201cPasi\u00f3n por el bons\u00e1i\u201d; en esta ocasi\u00f3n que cumple 38 a\u00f1os, se llevar\u00e1 a cabo ese mismo d\u00eda, a las 13:00 horas.<\/p>\n<p>&nbsp;<\/p>\n<p><img loading=\"lazy\" decoding=\"async\" class=\"aligncenter size-large wp-image-2886\" src=\"https:\/\/foro1025.mx\/wp-content\/uploads\/2018\/07\/20170616_123540_resized-1024x768.jpg\" alt=\"\" width=\"1024\" height=\"768\" \/><\/p>\n<p>&nbsp;<\/p>\n<p class=\"p5\">Muy cerca de la Alameda Central, en el Museo de la Acuarela, exponen, hasta el 15 de julio, la colecci\u00f3n de Cristina Cimbr\u00f3n bajo el t\u00edtulo \u201cEcos marinos\u201d; en esa misma zona, en el Museo de la Estampa, se puede visitar la exposici\u00f3n \u201cMonotipos. Confluencias creativas en el Taller Ram\u00f3n Dur\u00e1n\u201d, vigente hasta el 26 de agosto.<\/p>\n<p class=\"p5\">En el Centro Cultural Mexiquense se mantienen las exposiciones \u201cLenguaje de la<span class=\"Apple-converted-space\">\u00a0 <\/span>indumentaria femenina. Arte textil mazahua\u201d y \u201cPremios Tenerife al fomento y la investigaci\u00f3n de la artesan\u00eda en Espa\u00f1a y Am\u00e9rica. Galardonados del Estado de M\u00e9xico\u201d, en los museos de Antropolog\u00eda e Historia y Culturas Populares, respectivamente.<\/p>\n<p class=\"p5\">Mientras que la Biblioteca P\u00fablica Central Estatal alberga la colecci\u00f3n fotogr\u00e1fica de Waldo Leyva y Francisco Navarro que, bajo el t\u00edtulo \u201cPoliedro de espejos\u2026 poes\u00eda e im\u00e1genes de Cuba\u201d, presentan hasta el 12 de agosto.<\/p>\n<p class=\"p5\">En este mismo espacio contin\u00faa la exposici\u00f3n \u201cSerie completa de un personaje Carlitos\u201d, de \u00d3scar Vandyck hasta el \u00faltimo d\u00eda de agosto.<\/p>\n<p class=\"p5\">En el Museo Virreinal, en Zinacantepec, se puede apreciar 44 piezas de la obra del maestro Hugo Armando Hern\u00e1ndez en sus distintas t\u00e9cnicas como \u00f3leo sobre t\u00e1blex, \u00f3leo sobre telas yuxtapuestas, acr\u00edlico sobre tela, \u00f3leo sobre papel, mixta sobre tela, acuarela y hoja de oro sobre papel, acuarela sobre papel de bamb\u00fa, punta de plata sobre nitrocelulosa, enc\u00e1ustica y \u00f3leo sobre madera.<\/p>\n<p class=\"p5\">Al oriente del estado, en el Centro Cultural Mexiquense Bicentenario, en Texcoco, est\u00e1n abiertas al p\u00fabico dos exposiciones; una de ellas es el mural del maestro Juan Logar y en \u00e9ste se puede conocer \u201cEl entorno de Sor Juana\u201d, adem\u00e1s de la \u201cAntolog\u00eda de la redenci\u00f3n\u201d, de Alejandro de Anda.<\/p>\n<p class=\"p5\">El municipio de Ocoyoacac ofrece en su museo \u201cDr. Jos\u00e9 Mar\u00eda Luis Mora\u201d, la exposici\u00f3n de pinturas de Leticia Lafont, \u201cHistorias en papel\u201d, que estar\u00e1 disponible hasta el 31 de julio.<\/p>\n<p class=\"p5\">Para conocer los contenidos, fechas y lugares de las exposiciones de la Secretar\u00eda de Cultura se puede consultar la cartelera en el sitio web cultura.edomex.gob.mx<\/p>\n","protected":false},"excerpt":{"rendered":"<div class=\"mh-excerpt\"><p>\u2022 Celebrar\u00e1n, el 5 de julio, 38 Aniversario del Jard\u00edn Bot\u00e1nico \u201cCosmovitral\u201d con la inauguraci\u00f3n <a class=\"mh-excerpt-more\" href=\"https:\/\/foro1025.mx\/?p=2884\" title=\"Invita Secretar\u00eda de Cultura a visitar exposiciones en su red de museos\">&#8230;<\/a><\/p>\n<\/div>","protected":false},"author":1,"featured_media":0,"comment_status":"open","ping_status":"open","sticky":false,"template":"","format":"standard","meta":{"footnotes":""},"categories":[20,13,12],"tags":[],"class_list":{"0":"post-2884","1":"post","2":"type-post","3":"status-publish","4":"format-standard","6":"category-cultura","7":"category-estado-de-mexico","8":"category-toluca"},"_links":{"self":[{"href":"https:\/\/foro1025.mx\/index.php?rest_route=\/wp\/v2\/posts\/2884","targetHints":{"allow":["GET"]}}],"collection":[{"href":"https:\/\/foro1025.mx\/index.php?rest_route=\/wp\/v2\/posts"}],"about":[{"href":"https:\/\/foro1025.mx\/index.php?rest_route=\/wp\/v2\/types\/post"}],"author":[{"embeddable":true,"href":"https:\/\/foro1025.mx\/index.php?rest_route=\/wp\/v2\/users\/1"}],"replies":[{"embeddable":true,"href":"https:\/\/foro1025.mx\/index.php?rest_route=%2Fwp%2Fv2%2Fcomments&post=2884"}],"version-history":[{"count":1,"href":"https:\/\/foro1025.mx\/index.php?rest_route=\/wp\/v2\/posts\/2884\/revisions"}],"predecessor-version":[{"id":2888,"href":"https:\/\/foro1025.mx\/index.php?rest_route=\/wp\/v2\/posts\/2884\/revisions\/2888"}],"wp:attachment":[{"href":"https:\/\/foro1025.mx\/index.php?rest_route=%2Fwp%2Fv2%2Fmedia&parent=2884"}],"wp:term":[{"taxonomy":"category","embeddable":true,"href":"https:\/\/foro1025.mx\/index.php?rest_route=%2Fwp%2Fv2%2Fcategories&post=2884"},{"taxonomy":"post_tag","embeddable":true,"href":"https:\/\/foro1025.mx\/index.php?rest_route=%2Fwp%2Fv2%2Ftags&post=2884"}],"curies":[{"name":"wp","href":"https:\/\/api.w.org\/{rel}","templated":true}]}}