{"id":28915,"date":"2024-05-03T13:41:58","date_gmt":"2024-05-03T19:41:58","guid":{"rendered":"https:\/\/foro1025.mx\/?p=28915"},"modified":"2024-05-13T13:44:27","modified_gmt":"2024-05-13T19:44:27","slug":"dignificaremos-la-calidad-de-vida-de-la-ninez-y-juventud-de-nicolas-romero-yoselin-mendoza","status":"publish","type":"post","link":"https:\/\/foro1025.mx\/?p=28915","title":{"rendered":"\u00abDignificaremos la calidad de vida de la ni\u00f1ez y juventud de Nicol\u00e1s Romero\u00bb : Yoselin Mendoza"},"content":{"rendered":"<p class=\"p1\">La candidata de la izquierda a la alcald\u00eda, Yoselin Mendoza, asegur\u00f3 que despu\u00e9s del contundente triunfo electoral que tendr\u00e1 morena el pr\u00f3ximo 2 de junio, trabajar\u00e1 intensamente para fortalecer el desarrollo de las nuevas generaciones, mismas que representan el presente y el futuro del municipio.<\/p>\n<p class=\"p1\">Por ello, se\u00f1al\u00f3 que cuando sea alcaldesa de Nicol\u00e1s Romero, pondr\u00e1 en marcha el programa \u201cNi\u00f1ez y Juventudes Dignas\u201d, con el objetivo de aplicar pol\u00edticas p\u00fablicas espec\u00edficas para el bienestar de la poblaci\u00f3n de menor edad.<\/p>\n<p class=\"p1\">\u201cNuestro gobierno seguir\u00e1 teniendo esa terca visi\u00f3n de fortalecer a las nuevas generaciones, contribuyendo a que ejerzan su derecho humano a la educaci\u00f3n, el sano esparcimiento y el acceso a la cultura\u201d, detall\u00f3 la abanderada de la coalici\u00f3n morena-PT-PVEM\u201d.<\/p>\n<p><img loading=\"lazy\" decoding=\"async\" class=\"aligncenter size-large wp-image-28917\" src=\"https:\/\/foro1025.mx\/wp-content\/uploads\/2024\/05\/YOSELIN-NINEZ-Y-JUVENTUD-1-1024x683.jpeg\" alt=\"\" width=\"1024\" height=\"683\" srcset=\"https:\/\/foro1025.mx\/wp-content\/uploads\/2024\/05\/YOSELIN-NINEZ-Y-JUVENTUD-1-1024x683.jpeg 1024w, https:\/\/foro1025.mx\/wp-content\/uploads\/2024\/05\/YOSELIN-NINEZ-Y-JUVENTUD-1-300x200.jpeg 300w, https:\/\/foro1025.mx\/wp-content\/uploads\/2024\/05\/YOSELIN-NINEZ-Y-JUVENTUD-1-768x512.jpeg 768w, https:\/\/foro1025.mx\/wp-content\/uploads\/2024\/05\/YOSELIN-NINEZ-Y-JUVENTUD-1.jpeg 1080w\" sizes=\"auto, (max-width: 1024px) 100vw, 1024px\" \/><\/p>\n<p class=\"p1\">Y afirm\u00f3 que la ni\u00f1ez y la juventud, son la fuerza transformadora de esta localidad, de la entidad mexiquense, del pa\u00eds y del planeta, por lo que se comprometi\u00f3 a procurar su bienestar, abri\u00e9ndoles espacios para que se diviertan, aprendan, practiquen deportes y tengan un mejor acceso a oportunidades laborales, al llegar a la mayor\u00eda de edad.<\/p>\n<p class=\"p1\">\u201cNuestras ni\u00f1as, ni\u00f1os y j\u00f3venes son el activo m\u00e1s valioso que tenemos en nuestro municipio, poseen mucha energ\u00eda y talento, por ello los vamos a respaldar para que canalicen esa energ\u00eda en actividades positivas y se alejen as\u00ed de los vicios, al igual que de las conductas antisociales\u201d, remarc\u00f3 la candidata.<\/p>\n<p class=\"p1\">Finalmente, apunt\u00f3 que para que la poblaci\u00f3n de menor edad alcance una mejor calidad de vida, se avanzar\u00e1 aprovechando al m\u00e1ximo los espacios construidos por la cuarta transformaci\u00f3n, como el Deportivo 20 de Noviembre, el Centro de Desarrollo Comunitario de San Tlihuaca, la Unidad Cultural y Deportiva Azquil, que hoy son referentes como lugares dignos para la convivencia social y familiar.<\/p>\n","protected":false},"excerpt":{"rendered":"<div class=\"mh-excerpt\"><p>La candidata de la izquierda a la alcald\u00eda, Yoselin Mendoza, asegur\u00f3 que despu\u00e9s del contundente <a class=\"mh-excerpt-more\" href=\"https:\/\/foro1025.mx\/?p=28915\" title=\"\u00abDignificaremos la calidad de vida de la ni\u00f1ez y juventud de Nicol\u00e1s Romero\u00bb : Yoselin Mendoza\">&#8230;<\/a><\/p>\n<\/div>","protected":false},"author":1,"featured_media":28916,"comment_status":"closed","ping_status":"closed","sticky":false,"template":"","format":"standard","meta":{"footnotes":""},"categories":[44],"tags":[50,51],"class_list":{"0":"post-28915","1":"post","2":"type-post","3":"status-publish","4":"format-standard","5":"has-post-thumbnail","7":"category-elecciones-2024","8":"tag-nicolas-romero","9":"tag-yoselin-mendoza"},"_links":{"self":[{"href":"https:\/\/foro1025.mx\/index.php?rest_route=\/wp\/v2\/posts\/28915","targetHints":{"allow":["GET"]}}],"collection":[{"href":"https:\/\/foro1025.mx\/index.php?rest_route=\/wp\/v2\/posts"}],"about":[{"href":"https:\/\/foro1025.mx\/index.php?rest_route=\/wp\/v2\/types\/post"}],"author":[{"embeddable":true,"href":"https:\/\/foro1025.mx\/index.php?rest_route=\/wp\/v2\/users\/1"}],"replies":[{"embeddable":true,"href":"https:\/\/foro1025.mx\/index.php?rest_route=%2Fwp%2Fv2%2Fcomments&post=28915"}],"version-history":[{"count":1,"href":"https:\/\/foro1025.mx\/index.php?rest_route=\/wp\/v2\/posts\/28915\/revisions"}],"predecessor-version":[{"id":28918,"href":"https:\/\/foro1025.mx\/index.php?rest_route=\/wp\/v2\/posts\/28915\/revisions\/28918"}],"wp:featuredmedia":[{"embeddable":true,"href":"https:\/\/foro1025.mx\/index.php?rest_route=\/wp\/v2\/media\/28916"}],"wp:attachment":[{"href":"https:\/\/foro1025.mx\/index.php?rest_route=%2Fwp%2Fv2%2Fmedia&parent=28915"}],"wp:term":[{"taxonomy":"category","embeddable":true,"href":"https:\/\/foro1025.mx\/index.php?rest_route=%2Fwp%2Fv2%2Fcategories&post=28915"},{"taxonomy":"post_tag","embeddable":true,"href":"https:\/\/foro1025.mx\/index.php?rest_route=%2Fwp%2Fv2%2Ftags&post=28915"}],"curies":[{"name":"wp","href":"https:\/\/api.w.org\/{rel}","templated":true}]}}